{"@context":"https:\/\/schema.org\/","@type":"CollectionPage","@id":"https:\/\/www.yys.cz\/zbozi\/#CollectionPage","headline":"Zbo\u017e\u00ed Category","description":"","url":"https:\/\/www.yys.cz\/zbozi\/","hasPart":[{"@type":"Article","@id":"https:\/\/www.yys.cz\/organizace-poradku\/","headline":"Organizace po\u0159\u00e1dku","url":"https:\/\/www.yys.cz\/organizace-poradku\/","datePublished":"2022-08-19","dateModified":"2023-07-21","mainEntityOfPage":"https:\/\/www.yys.cz\/organizace-poradku\/","author":{"@type":"Person","@id":"https:\/\/www.yys.cz\/author\/devene\/#Person","name":"devene","url":"https:\/\/www.yys.cz\/author\/devene\/","identifier":1,"image":{"@type":"ImageObject","@id":"https:\/\/secure.gravatar.com\/avatar\/13dbcc20b7c05fcb5c4a6b0bee5a7107a0aae9238a83a4088a42d170780b2eca?s=96&d=mm&r=g","url":"https:\/\/secure.gravatar.com\/avatar\/13dbcc20b7c05fcb5c4a6b0bee5a7107a0aae9238a83a4088a42d170780b2eca?s=96&d=mm&r=g","height":96,"width":96}},"publisher":{"@type":"Organization","name":"yys.cz","logo":{"@type":"ImageObject","@id":"\/logo.png","url":"\/logo.png","width":600,"height":60}},"image":{"@type":"ImageObject","@id":"https:\/\/www.yys.cz\/wp-content\/uploads\/box-827152_960_720.jpg","url":"https:\/\/www.yys.cz\/wp-content\/uploads\/box-827152_960_720.jpg","height":0,"width":0},"keywords":null},{"@type":"Article","@id":"https:\/\/www.yys.cz\/drevene-doplnky-pro-vasi-zahradu\/","headline":"D\u0159ev\u011bn\u00e9 dopl\u0148ky pro va\u0161i zahradu","url":"https:\/\/www.yys.cz\/drevene-doplnky-pro-vasi-zahradu\/","datePublished":"2022-08-15","dateModified":"2023-12-16","mainEntityOfPage":"https:\/\/www.yys.cz\/drevene-doplnky-pro-vasi-zahradu\/","author":{"@type":"Person","@id":"https:\/\/www.yys.cz\/author\/devene\/#Person","name":"devene","url":"https:\/\/www.yys.cz\/author\/devene\/","identifier":1,"image":{"@type":"ImageObject","@id":"https:\/\/secure.gravatar.com\/avatar\/13dbcc20b7c05fcb5c4a6b0bee5a7107a0aae9238a83a4088a42d170780b2eca?s=96&d=mm&r=g","url":"https:\/\/secure.gravatar.com\/avatar\/13dbcc20b7c05fcb5c4a6b0bee5a7107a0aae9238a83a4088a42d170780b2eca?s=96&d=mm&r=g","height":96,"width":96}},"publisher":{"@type":"Organization","name":"yys.cz","logo":{"@type":"ImageObject","@id":"\/logo.png","url":"\/logo.png","width":600,"height":60}},"image":{"@type":"ImageObject","@id":"https:\/\/www.yys.cz\/wp-content\/uploads\/landscape-5000094_640_3.jpg","url":"https:\/\/www.yys.cz\/wp-content\/uploads\/landscape-5000094_640_3.jpg","height":0,"width":0},"keywords":null},{"@type":"Article","@id":"https:\/\/www.yys.cz\/bydleni-podle-vasich-predstav-a-levne\/","headline":"Bydlen\u00ed podle va\u0161ich p\u0159edstav a levn\u011b!","url":"https:\/\/www.yys.cz\/bydleni-podle-vasich-predstav-a-levne\/","datePublished":"2022-08-15","dateModified":"2023-05-02","mainEntityOfPage":"https:\/\/www.yys.cz\/bydleni-podle-vasich-predstav-a-levne\/","author":{"@type":"Person","@id":"https:\/\/www.yys.cz\/author\/devene\/#Person","name":"devene","url":"https:\/\/www.yys.cz\/author\/devene\/","identifier":1,"image":{"@type":"ImageObject","@id":"https:\/\/secure.gravatar.com\/avatar\/13dbcc20b7c05fcb5c4a6b0bee5a7107a0aae9238a83a4088a42d170780b2eca?s=96&d=mm&r=g","url":"https:\/\/secure.gravatar.com\/avatar\/13dbcc20b7c05fcb5c4a6b0bee5a7107a0aae9238a83a4088a42d170780b2eca?s=96&d=mm&r=g","height":96,"width":96}},"publisher":{"@type":"Organization","name":"yys.cz","logo":{"@type":"ImageObject","@id":"\/logo.png","url":"\/logo.png","width":600,"height":60}},"image":{"@type":"ImageObject","@id":"https:\/\/www.yys.cz\/wp-content\/uploads\/iceland-g398ded8a4_640.jpg","url":"https:\/\/www.yys.cz\/wp-content\/uploads\/iceland-g398ded8a4_640.jpg","height":0,"width":0},"keywords":null},{"@type":"Article","@id":"https:\/\/www.yys.cz\/jak-na-maly-byt-vsadte-na-vhodny-nabytek-a-svetle-barvy\/","headline":"Jak na mal\u00fd byt? Vsa\u010fte na vhodn\u00fd n\u00e1bytek a sv\u011btl\u00e9 barvy!","url":"https:\/\/www.yys.cz\/jak-na-maly-byt-vsadte-na-vhodny-nabytek-a-svetle-barvy\/","datePublished":"2022-08-15","dateModified":"2023-05-02","mainEntityOfPage":"https:\/\/www.yys.cz\/jak-na-maly-byt-vsadte-na-vhodny-nabytek-a-svetle-barvy\/","author":{"@type":"Person","@id":"https:\/\/www.yys.cz\/author\/devene\/#Person","name":"devene","url":"https:\/\/www.yys.cz\/author\/devene\/","identifier":1,"image":{"@type":"ImageObject","@id":"https:\/\/secure.gravatar.com\/avatar\/13dbcc20b7c05fcb5c4a6b0bee5a7107a0aae9238a83a4088a42d170780b2eca?s=96&d=mm&r=g","url":"https:\/\/secure.gravatar.com\/avatar\/13dbcc20b7c05fcb5c4a6b0bee5a7107a0aae9238a83a4088a42d170780b2eca?s=96&d=mm&r=g","height":96,"width":96}},"publisher":{"@type":"Organization","name":"yys.cz","logo":{"@type":"ImageObject","@id":"\/logo.png","url":"\/logo.png","width":600,"height":60}},"image":{"@type":"ImageObject","@id":"https:\/\/www.yys.cz\/wp-content\/uploads\/clothes-4198010_640_1.jpg","url":"https:\/\/www.yys.cz\/wp-content\/uploads\/clothes-4198010_640_1.jpg","height":0,"width":0},"keywords":null},{"@type":"Article","@id":"https:\/\/www.yys.cz\/jak-na-vyber-firemnich-darkovych-predmetu\/","headline":"Jak na v\u00fdb\u011br firemn\u00edch d\u00e1rkov\u00fdch p\u0159edm\u011bt\u016f?","url":"https:\/\/www.yys.cz\/jak-na-vyber-firemnich-darkovych-predmetu\/","datePublished":"2022-08-12","dateModified":"2023-05-02","mainEntityOfPage":"https:\/\/www.yys.cz\/jak-na-vyber-firemnich-darkovych-predmetu\/","author":{"@type":"Person","@id":"https:\/\/www.yys.cz\/author\/devene\/#Person","name":"devene","url":"https:\/\/www.yys.cz\/author\/devene\/","identifier":1,"image":{"@type":"ImageObject","@id":"https:\/\/secure.gravatar.com\/avatar\/13dbcc20b7c05fcb5c4a6b0bee5a7107a0aae9238a83a4088a42d170780b2eca?s=96&d=mm&r=g","url":"https:\/\/secure.gravatar.com\/avatar\/13dbcc20b7c05fcb5c4a6b0bee5a7107a0aae9238a83a4088a42d170780b2eca?s=96&d=mm&r=g","height":96,"width":96}},"publisher":{"@type":"Organization","name":"yys.cz","logo":{"@type":"ImageObject","@id":"\/logo.png","url":"\/logo.png","width":600,"height":60}},"image":{"@type":"ImageObject","@id":"https:\/\/www.yys.cz\/wp-content\/uploads\/gift-ge67428682_640_3.jpg","url":"https:\/\/www.yys.cz\/wp-content\/uploads\/gift-ge67428682_640_3.jpg","height":0,"width":0},"keywords":null},{"@type":"Article","@id":"https:\/\/www.yys.cz\/trekove-boty-nesmi-chybet\/","headline":"Trekov\u00e9 boty nesm\u00ed chyb\u011bt","url":"https:\/\/www.yys.cz\/trekove-boty-nesmi-chybet\/","datePublished":"2022-08-11","dateModified":"2023-05-02","mainEntityOfPage":"https:\/\/www.yys.cz\/trekove-boty-nesmi-chybet\/","author":{"@type":"Person","@id":"https:\/\/www.yys.cz\/author\/devene\/#Person","name":"devene","url":"https:\/\/www.yys.cz\/author\/devene\/","identifier":1,"image":{"@type":"ImageObject","@id":"https:\/\/secure.gravatar.com\/avatar\/13dbcc20b7c05fcb5c4a6b0bee5a7107a0aae9238a83a4088a42d170780b2eca?s=96&d=mm&r=g","url":"https:\/\/secure.gravatar.com\/avatar\/13dbcc20b7c05fcb5c4a6b0bee5a7107a0aae9238a83a4088a42d170780b2eca?s=96&d=mm&r=g","height":96,"width":96}},"publisher":{"@type":"Organization","name":"yys.cz","logo":{"@type":"ImageObject","@id":"\/logo.png","url":"\/logo.png","width":600,"height":60}},"image":{"@type":"ImageObject","@id":"https:\/\/www.yys.cz\/wp-content\/uploads\/podrazka_boty_gh0Dc5.jpg","url":"https:\/\/www.yys.cz\/wp-content\/uploads\/podrazka_boty_gh0Dc5.jpg","height":0,"width":0},"keywords":null}]}