{"@context":"https:\/\/schema.org\/","@type":"CollectionPage","@id":"https:\/\/www.yys.cz\/zbozi\/#CollectionPage","headline":"Zbo\u017e\u00ed Category","description":"","url":"https:\/\/www.yys.cz\/zbozi\/","hasPart":[{"@type":"Article","@id":"https:\/\/www.yys.cz\/menstruacni-kalhotky-a-jejich-vyhody\/","headline":"Menstrua\u010dn\u00ed kalhotky a jejich v\u00fdhody","url":"https:\/\/www.yys.cz\/menstruacni-kalhotky-a-jejich-vyhody\/","datePublished":"2022-09-07","dateModified":"2023-05-02","mainEntityOfPage":"https:\/\/www.yys.cz\/menstruacni-kalhotky-a-jejich-vyhody\/","author":{"@type":"Person","@id":"https:\/\/www.yys.cz\/author\/devene\/#Person","name":"devene","url":"https:\/\/www.yys.cz\/author\/devene\/","identifier":1,"image":{"@type":"ImageObject","@id":"https:\/\/secure.gravatar.com\/avatar\/13dbcc20b7c05fcb5c4a6b0bee5a7107a0aae9238a83a4088a42d170780b2eca?s=96&d=mm&r=g","url":"https:\/\/secure.gravatar.com\/avatar\/13dbcc20b7c05fcb5c4a6b0bee5a7107a0aae9238a83a4088a42d170780b2eca?s=96&d=mm&r=g","height":96,"width":96}},"publisher":{"@type":"Organization","name":"yys.cz","logo":{"@type":"ImageObject","@id":"\/logo.png","url":"\/logo.png","width":600,"height":60}},"image":{"@type":"ImageObject","@id":"https:\/\/www.yys.cz\/wp-content\/uploads\/pexels-sora-shimazaki-5938423.jpg","url":"https:\/\/www.yys.cz\/wp-content\/uploads\/pexels-sora-shimazaki-5938423.jpg","height":0,"width":0},"keywords":null},{"@type":"Article","@id":"https:\/\/www.yys.cz\/pro-vasi-krasu\/","headline":"Pro va\u0161i kr\u00e1su","url":"https:\/\/www.yys.cz\/pro-vasi-krasu\/","datePublished":"2022-09-06","dateModified":"2023-05-02","mainEntityOfPage":"https:\/\/www.yys.cz\/pro-vasi-krasu\/","author":{"@type":"Person","@id":"https:\/\/www.yys.cz\/author\/devene\/#Person","name":"devene","url":"https:\/\/www.yys.cz\/author\/devene\/","identifier":1,"image":{"@type":"ImageObject","@id":"https:\/\/secure.gravatar.com\/avatar\/13dbcc20b7c05fcb5c4a6b0bee5a7107a0aae9238a83a4088a42d170780b2eca?s=96&d=mm&r=g","url":"https:\/\/secure.gravatar.com\/avatar\/13dbcc20b7c05fcb5c4a6b0bee5a7107a0aae9238a83a4088a42d170780b2eca?s=96&d=mm&r=g","height":96,"width":96}},"publisher":{"@type":"Organization","name":"yys.cz","logo":{"@type":"ImageObject","@id":"\/logo.png","url":"\/logo.png","width":600,"height":60}},"image":{"@type":"ImageObject","@id":"https:\/\/www.yys.cz\/wp-content\/uploads\/dentist-1468457_960_720_1.jpg","url":"https:\/\/www.yys.cz\/wp-content\/uploads\/dentist-1468457_960_720_1.jpg","height":0,"width":0},"keywords":null},{"@type":"Article","@id":"https:\/\/www.yys.cz\/jak-rozveselit-detskou-tvar-na-vasi-zahrade\/","headline":"Jak rozveselit d\u011btskou tv\u00e1\u0159 na va\u0161\u00ed zahrad\u011b","url":"https:\/\/www.yys.cz\/jak-rozveselit-detskou-tvar-na-vasi-zahrade\/","datePublished":"2022-09-06","dateModified":"2023-05-02","mainEntityOfPage":"https:\/\/www.yys.cz\/jak-rozveselit-detskou-tvar-na-vasi-zahrade\/","author":{"@type":"Person","@id":"https:\/\/www.yys.cz\/author\/devene\/#Person","name":"devene","url":"https:\/\/www.yys.cz\/author\/devene\/","identifier":1,"image":{"@type":"ImageObject","@id":"https:\/\/secure.gravatar.com\/avatar\/13dbcc20b7c05fcb5c4a6b0bee5a7107a0aae9238a83a4088a42d170780b2eca?s=96&d=mm&r=g","url":"https:\/\/secure.gravatar.com\/avatar\/13dbcc20b7c05fcb5c4a6b0bee5a7107a0aae9238a83a4088a42d170780b2eca?s=96&d=mm&r=g","height":96,"width":96}},"publisher":{"@type":"Organization","name":"yys.cz","logo":{"@type":"ImageObject","@id":"\/logo.png","url":"\/logo.png","width":600,"height":60}},"image":{"@type":"ImageObject","@id":"https:\/\/www.yys.cz\/wp-content\/uploads\/playground-g03814ddc0_640.jpg","url":"https:\/\/www.yys.cz\/wp-content\/uploads\/playground-g03814ddc0_640.jpg","height":0,"width":0},"keywords":null},{"@type":"Article","@id":"https:\/\/www.yys.cz\/obal-na-mobil-z-polyuretanu-zvaneho-eko-kuze-je-nejen-pekny-na-pohled\/","headline":"Obal na mobil z polyuretanu zvan\u00e9ho eko-k\u016f\u017ee je nejen p\u011bkn\u00fd na pohled","url":"https:\/\/www.yys.cz\/obal-na-mobil-z-polyuretanu-zvaneho-eko-kuze-je-nejen-pekny-na-pohled\/","datePublished":"2022-09-05","dateModified":"2023-05-02","mainEntityOfPage":"https:\/\/www.yys.cz\/obal-na-mobil-z-polyuretanu-zvaneho-eko-kuze-je-nejen-pekny-na-pohled\/","author":{"@type":"Person","@id":"https:\/\/www.yys.cz\/author\/devene\/#Person","name":"devene","url":"https:\/\/www.yys.cz\/author\/devene\/","identifier":1,"image":{"@type":"ImageObject","@id":"https:\/\/secure.gravatar.com\/avatar\/13dbcc20b7c05fcb5c4a6b0bee5a7107a0aae9238a83a4088a42d170780b2eca?s=96&d=mm&r=g","url":"https:\/\/secure.gravatar.com\/avatar\/13dbcc20b7c05fcb5c4a6b0bee5a7107a0aae9238a83a4088a42d170780b2eca?s=96&d=mm&r=g","height":96,"width":96}},"publisher":{"@type":"Organization","name":"yys.cz","logo":{"@type":"ImageObject","@id":"\/logo.png","url":"\/logo.png","width":600,"height":60}},"image":{"@type":"ImageObject","@id":"https:\/\/www.yys.cz\/wp-content\/uploads\/hands-g382d70c34_640.jpg","url":"https:\/\/www.yys.cz\/wp-content\/uploads\/hands-g382d70c34_640.jpg","height":0,"width":0},"keywords":null},{"@type":"Article","@id":"https:\/\/www.yys.cz\/zakladni-veci-do-vybavy-pro-miminko\/","headline":"Z\u00e1kladn\u00ed v\u011bci do v\u00fdbavy pro miminko","url":"https:\/\/www.yys.cz\/zakladni-veci-do-vybavy-pro-miminko\/","datePublished":"2022-08-29","dateModified":"2023-05-02","mainEntityOfPage":"https:\/\/www.yys.cz\/zakladni-veci-do-vybavy-pro-miminko\/","author":{"@type":"Person","@id":"https:\/\/www.yys.cz\/author\/devene\/#Person","name":"devene","url":"https:\/\/www.yys.cz\/author\/devene\/","identifier":1,"image":{"@type":"ImageObject","@id":"https:\/\/secure.gravatar.com\/avatar\/13dbcc20b7c05fcb5c4a6b0bee5a7107a0aae9238a83a4088a42d170780b2eca?s=96&d=mm&r=g","url":"https:\/\/secure.gravatar.com\/avatar\/13dbcc20b7c05fcb5c4a6b0bee5a7107a0aae9238a83a4088a42d170780b2eca?s=96&d=mm&r=g","height":96,"width":96}},"publisher":{"@type":"Organization","name":"yys.cz","logo":{"@type":"ImageObject","@id":"\/logo.png","url":"\/logo.png","width":600,"height":60}},"image":{"@type":"ImageObject","@id":"https:\/\/www.yys.cz\/wp-content\/uploads\/newborn-gad0601ea1_640_1.jpg","url":"https:\/\/www.yys.cz\/wp-content\/uploads\/newborn-gad0601ea1_640_1.jpg","height":0,"width":0},"keywords":null},{"@type":"Article","@id":"https:\/\/www.yys.cz\/pro-lepsi-naladu\/","headline":"Pro lep\u0161\u00ed n\u00e1ladu","url":"https:\/\/www.yys.cz\/pro-lepsi-naladu\/","datePublished":"2022-08-26","dateModified":"2023-05-02","mainEntityOfPage":"https:\/\/www.yys.cz\/pro-lepsi-naladu\/","author":{"@type":"Person","@id":"https:\/\/www.yys.cz\/author\/devene\/#Person","name":"devene","url":"https:\/\/www.yys.cz\/author\/devene\/","identifier":1,"image":{"@type":"ImageObject","@id":"https:\/\/secure.gravatar.com\/avatar\/13dbcc20b7c05fcb5c4a6b0bee5a7107a0aae9238a83a4088a42d170780b2eca?s=96&d=mm&r=g","url":"https:\/\/secure.gravatar.com\/avatar\/13dbcc20b7c05fcb5c4a6b0bee5a7107a0aae9238a83a4088a42d170780b2eca?s=96&d=mm&r=g","height":96,"width":96}},"publisher":{"@type":"Organization","name":"yys.cz","logo":{"@type":"ImageObject","@id":"\/logo.png","url":"\/logo.png","width":600,"height":60}},"image":{"@type":"ImageObject","@id":"https:\/\/www.yys.cz\/wp-content\/uploads\/guitar-g1d95c0691_640.jpg","url":"https:\/\/www.yys.cz\/wp-content\/uploads\/guitar-g1d95c0691_640.jpg","height":0,"width":0},"keywords":null},{"@type":"Article","@id":"https:\/\/www.yys.cz\/vyuzijte-svuj-cas-naplno\/","headline":"Vyu\u017eijte sv\u016fj \u010das naplno","url":"https:\/\/www.yys.cz\/vyuzijte-svuj-cas-naplno\/","datePublished":"2022-08-23","dateModified":"2023-05-02","mainEntityOfPage":"https:\/\/www.yys.cz\/vyuzijte-svuj-cas-naplno\/","author":{"@type":"Person","@id":"https:\/\/www.yys.cz\/author\/devene\/#Person","name":"devene","url":"https:\/\/www.yys.cz\/author\/devene\/","identifier":1,"image":{"@type":"ImageObject","@id":"https:\/\/secure.gravatar.com\/avatar\/13dbcc20b7c05fcb5c4a6b0bee5a7107a0aae9238a83a4088a42d170780b2eca?s=96&d=mm&r=g","url":"https:\/\/secure.gravatar.com\/avatar\/13dbcc20b7c05fcb5c4a6b0bee5a7107a0aae9238a83a4088a42d170780b2eca?s=96&d=mm&r=g","height":96,"width":96}},"publisher":{"@type":"Organization","name":"yys.cz","logo":{"@type":"ImageObject","@id":"\/logo.png","url":"\/logo.png","width":600,"height":60}},"image":{"@type":"ImageObject","@id":"https:\/\/www.yys.cz\/wp-content\/uploads\/book-1750740_960_720.jpg","url":"https:\/\/www.yys.cz\/wp-content\/uploads\/book-1750740_960_720.jpg","height":0,"width":0},"keywords":null},{"@type":"Article","@id":"https:\/\/www.yys.cz\/zvolte-devold-duo-active\/","headline":"Zvolte devold duo active","url":"https:\/\/www.yys.cz\/zvolte-devold-duo-active\/","datePublished":"2022-08-20","dateModified":"2023-05-02","mainEntityOfPage":"https:\/\/www.yys.cz\/zvolte-devold-duo-active\/","author":{"@type":"Person","@id":"https:\/\/www.yys.cz\/author\/devene\/#Person","name":"devene","url":"https:\/\/www.yys.cz\/author\/devene\/","identifier":1,"image":{"@type":"ImageObject","@id":"https:\/\/secure.gravatar.com\/avatar\/13dbcc20b7c05fcb5c4a6b0bee5a7107a0aae9238a83a4088a42d170780b2eca?s=96&d=mm&r=g","url":"https:\/\/secure.gravatar.com\/avatar\/13dbcc20b7c05fcb5c4a6b0bee5a7107a0aae9238a83a4088a42d170780b2eca?s=96&d=mm&r=g","height":96,"width":96}},"publisher":{"@type":"Organization","name":"yys.cz","logo":{"@type":"ImageObject","@id":"\/logo.png","url":"\/logo.png","width":600,"height":60}},"image":{"@type":"ImageObject","@id":"https:\/\/www.yys.cz\/wp-content\/uploads\/mu%C5%BE%C3%ADk.png","url":"https:\/\/www.yys.cz\/wp-content\/uploads\/mu%C5%BE%C3%ADk.png","height":0,"width":0},"keywords":null},{"@type":"Article","@id":"https:\/\/www.yys.cz\/modre-svetlo-z-obrazovek-nas-nezastavi\/","headline":"Modr\u00e9 sv\u011btlo z obrazovek n\u00e1s nezastav\u00ed","url":"https:\/\/www.yys.cz\/modre-svetlo-z-obrazovek-nas-nezastavi\/","datePublished":"2022-08-19","dateModified":"2023-05-02","mainEntityOfPage":"https:\/\/www.yys.cz\/modre-svetlo-z-obrazovek-nas-nezastavi\/","author":{"@type":"Person","@id":"https:\/\/www.yys.cz\/author\/devene\/#Person","name":"devene","url":"https:\/\/www.yys.cz\/author\/devene\/","identifier":1,"image":{"@type":"ImageObject","@id":"https:\/\/secure.gravatar.com\/avatar\/13dbcc20b7c05fcb5c4a6b0bee5a7107a0aae9238a83a4088a42d170780b2eca?s=96&d=mm&r=g","url":"https:\/\/secure.gravatar.com\/avatar\/13dbcc20b7c05fcb5c4a6b0bee5a7107a0aae9238a83a4088a42d170780b2eca?s=96&d=mm&r=g","height":96,"width":96}},"publisher":{"@type":"Organization","name":"yys.cz","logo":{"@type":"ImageObject","@id":"\/logo.png","url":"\/logo.png","width":600,"height":60}},"image":{"@type":"ImageObject","@id":"https:\/\/www.yys.cz\/wp-content\/uploads\/oko.png","url":"https:\/\/www.yys.cz\/wp-content\/uploads\/oko.png","height":0,"width":0},"keywords":null},{"@type":"Article","@id":"https:\/\/www.yys.cz\/co-vam-s-hubnutim-skutecne-pomuze\/","headline":"Co v\u00e1m s hubnut\u00edm skute\u010dn\u011b pom\u016f\u017ee?","url":"https:\/\/www.yys.cz\/co-vam-s-hubnutim-skutecne-pomuze\/","datePublished":"2022-08-19","dateModified":"2023-05-02","mainEntityOfPage":"https:\/\/www.yys.cz\/co-vam-s-hubnutim-skutecne-pomuze\/","author":{"@type":"Person","@id":"https:\/\/www.yys.cz\/author\/devene\/#Person","name":"devene","url":"https:\/\/www.yys.cz\/author\/devene\/","identifier":1,"image":{"@type":"ImageObject","@id":"https:\/\/secure.gravatar.com\/avatar\/13dbcc20b7c05fcb5c4a6b0bee5a7107a0aae9238a83a4088a42d170780b2eca?s=96&d=mm&r=g","url":"https:\/\/secure.gravatar.com\/avatar\/13dbcc20b7c05fcb5c4a6b0bee5a7107a0aae9238a83a4088a42d170780b2eca?s=96&d=mm&r=g","height":96,"width":96}},"publisher":{"@type":"Organization","name":"yys.cz","logo":{"@type":"ImageObject","@id":"\/logo.png","url":"\/logo.png","width":600,"height":60}},"image":{"@type":"ImageObject","@id":"https:\/\/www.yys.cz\/wp-content\/uploads\/hubnut%C3%AD%20(7)_3.jpg","url":"https:\/\/www.yys.cz\/wp-content\/uploads\/hubnut%C3%AD%20(7)_3.jpg","height":0,"width":0},"keywords":null}]}