{"@context":"https:\/\/schema.org\/","@type":"CollectionPage","@id":"https:\/\/www.yys.cz\/zbozi\/#CollectionPage","headline":"Zbo\u017e\u00ed Category","description":"","url":"https:\/\/www.yys.cz\/zbozi\/","hasPart":[{"@type":"Article","@id":"https:\/\/www.yys.cz\/jak-dosahnout-kvalitni-vody\/","headline":"Jak dos\u00e1hnout kvalitn\u00ed vody","url":"https:\/\/www.yys.cz\/jak-dosahnout-kvalitni-vody\/","datePublished":"2025-05-26","dateModified":"2025-05-26","mainEntityOfPage":"https:\/\/www.yys.cz\/jak-dosahnout-kvalitni-vody\/","author":{"@type":"Person","@id":"https:\/\/www.yys.cz\/author\/devene\/#Person","name":"devene","url":"https:\/\/www.yys.cz\/author\/devene\/","identifier":1,"image":{"@type":"ImageObject","@id":"https:\/\/secure.gravatar.com\/avatar\/13dbcc20b7c05fcb5c4a6b0bee5a7107a0aae9238a83a4088a42d170780b2eca?s=96&d=mm&r=g","url":"https:\/\/secure.gravatar.com\/avatar\/13dbcc20b7c05fcb5c4a6b0bee5a7107a0aae9238a83a4088a42d170780b2eca?s=96&d=mm&r=g","height":96,"width":96}},"publisher":{"@type":"Organization","name":"yys.cz","logo":{"@type":"ImageObject","@id":"\/logo.png","url":"\/logo.png","width":600,"height":60}},"image":{"@type":"ImageObject","@id":"https:\/\/www.yys.cz\/wp-content\/uploads\/woman-422546_640_10_10_10_10_10_10_10_10_10_7.jpg","url":"https:\/\/www.yys.cz\/wp-content\/uploads\/woman-422546_640_10_10_10_10_10_10_10_10_10_7.jpg","height":0,"width":0},"keywords":null},{"@type":"Article","@id":"https:\/\/www.yys.cz\/abyste-byli-v-teple\/","headline":"Abyste byli v teple","url":"https:\/\/www.yys.cz\/abyste-byli-v-teple\/","datePublished":"2024-12-21","dateModified":"2024-12-21","mainEntityOfPage":"https:\/\/www.yys.cz\/abyste-byli-v-teple\/","author":{"@type":"Person","@id":"https:\/\/www.yys.cz\/author\/devene\/#Person","name":"devene","url":"https:\/\/www.yys.cz\/author\/devene\/","identifier":1,"image":{"@type":"ImageObject","@id":"https:\/\/secure.gravatar.com\/avatar\/13dbcc20b7c05fcb5c4a6b0bee5a7107a0aae9238a83a4088a42d170780b2eca?s=96&d=mm&r=g","url":"https:\/\/secure.gravatar.com\/avatar\/13dbcc20b7c05fcb5c4a6b0bee5a7107a0aae9238a83a4088a42d170780b2eca?s=96&d=mm&r=g","height":96,"width":96}},"publisher":{"@type":"Organization","name":"yys.cz","logo":{"@type":"ImageObject","@id":"\/logo.png","url":"\/logo.png","width":600,"height":60}},"image":{"@type":"ImageObject","@id":"https:\/\/www.yys.cz\/wp-content\/uploads\/bb_10_10_10_10_10.jpg","url":"https:\/\/www.yys.cz\/wp-content\/uploads\/bb_10_10_10_10_10.jpg","height":0,"width":0},"keywords":null},{"@type":"Article","@id":"https:\/\/www.yys.cz\/sprcha-na-zahradu\/","headline":"Sprcha na zahradu","url":"https:\/\/www.yys.cz\/sprcha-na-zahradu\/","datePublished":"2024-10-13","dateModified":"2024-10-13","mainEntityOfPage":"https:\/\/www.yys.cz\/sprcha-na-zahradu\/","author":{"@type":"Person","@id":"https:\/\/www.yys.cz\/author\/devene\/#Person","name":"devene","url":"https:\/\/www.yys.cz\/author\/devene\/","identifier":1,"image":{"@type":"ImageObject","@id":"https:\/\/secure.gravatar.com\/avatar\/13dbcc20b7c05fcb5c4a6b0bee5a7107a0aae9238a83a4088a42d170780b2eca?s=96&d=mm&r=g","url":"https:\/\/secure.gravatar.com\/avatar\/13dbcc20b7c05fcb5c4a6b0bee5a7107a0aae9238a83a4088a42d170780b2eca?s=96&d=mm&r=g","height":96,"width":96}},"publisher":{"@type":"Organization","name":"yys.cz","logo":{"@type":"ImageObject","@id":"\/logo.png","url":"\/logo.png","width":600,"height":60}},"image":{"@type":"ImageObject","@id":"https:\/\/www.yys.cz\/wp-content\/uploads\/sparrow-1908357_1280.jpg","url":"https:\/\/www.yys.cz\/wp-content\/uploads\/sparrow-1908357_1280.jpg","height":0,"width":0},"keywords":null},{"@type":"Article","@id":"https:\/\/www.yys.cz\/tocite-schody-tak-trochu-jinak\/","headline":"To\u010dit\u00e9 schody tak trochu jinak","url":"https:\/\/www.yys.cz\/tocite-schody-tak-trochu-jinak\/","datePublished":"2022-12-26","dateModified":"2023-05-02","mainEntityOfPage":"https:\/\/www.yys.cz\/tocite-schody-tak-trochu-jinak\/","author":{"@type":"Person","@id":"https:\/\/www.yys.cz\/author\/devene\/#Person","name":"devene","url":"https:\/\/www.yys.cz\/author\/devene\/","identifier":1,"image":{"@type":"ImageObject","@id":"https:\/\/secure.gravatar.com\/avatar\/13dbcc20b7c05fcb5c4a6b0bee5a7107a0aae9238a83a4088a42d170780b2eca?s=96&d=mm&r=g","url":"https:\/\/secure.gravatar.com\/avatar\/13dbcc20b7c05fcb5c4a6b0bee5a7107a0aae9238a83a4088a42d170780b2eca?s=96&d=mm&r=g","height":96,"width":96}},"publisher":{"@type":"Organization","name":"yys.cz","logo":{"@type":"ImageObject","@id":"\/logo.png","url":"\/logo.png","width":600,"height":60}},"image":{"@type":"ImageObject","@id":"https:\/\/www.yys.cz\/wp-content\/uploads\/spiral-staircase-gee9521568_640.jpg","url":"https:\/\/www.yys.cz\/wp-content\/uploads\/spiral-staircase-gee9521568_640.jpg","height":0,"width":0},"keywords":null},{"@type":"Article","@id":"https:\/\/www.yys.cz\/lakala-by-vas-finska-sauna\/","headline":"L\u00e1kala by v\u00e1s finsk\u00e1 sauna?","url":"https:\/\/www.yys.cz\/lakala-by-vas-finska-sauna\/","datePublished":"2022-12-14","dateModified":"2023-05-02","mainEntityOfPage":"https:\/\/www.yys.cz\/lakala-by-vas-finska-sauna\/","author":{"@type":"Person","@id":"https:\/\/www.yys.cz\/author\/devene\/#Person","name":"devene","url":"https:\/\/www.yys.cz\/author\/devene\/","identifier":1,"image":{"@type":"ImageObject","@id":"https:\/\/secure.gravatar.com\/avatar\/13dbcc20b7c05fcb5c4a6b0bee5a7107a0aae9238a83a4088a42d170780b2eca?s=96&d=mm&r=g","url":"https:\/\/secure.gravatar.com\/avatar\/13dbcc20b7c05fcb5c4a6b0bee5a7107a0aae9238a83a4088a42d170780b2eca?s=96&d=mm&r=g","height":96,"width":96}},"publisher":{"@type":"Organization","name":"yys.cz","logo":{"@type":"ImageObject","@id":"\/logo.png","url":"\/logo.png","width":600,"height":60}},"image":{"@type":"ImageObject","@id":"https:\/\/www.yys.cz\/wp-content\/uploads\/saun.JPG","url":"https:\/\/www.yys.cz\/wp-content\/uploads\/saun.JPG","height":0,"width":0},"keywords":null},{"@type":"Article","@id":"https:\/\/www.yys.cz\/chutne-caje\/","headline":"Chutn\u00e9 \u010daje","url":"https:\/\/www.yys.cz\/chutne-caje\/","datePublished":"2022-11-21","dateModified":"2023-05-02","mainEntityOfPage":"https:\/\/www.yys.cz\/chutne-caje\/","author":{"@type":"Person","@id":"https:\/\/www.yys.cz\/author\/devene\/#Person","name":"devene","url":"https:\/\/www.yys.cz\/author\/devene\/","identifier":1,"image":{"@type":"ImageObject","@id":"https:\/\/secure.gravatar.com\/avatar\/13dbcc20b7c05fcb5c4a6b0bee5a7107a0aae9238a83a4088a42d170780b2eca?s=96&d=mm&r=g","url":"https:\/\/secure.gravatar.com\/avatar\/13dbcc20b7c05fcb5c4a6b0bee5a7107a0aae9238a83a4088a42d170780b2eca?s=96&d=mm&r=g","height":96,"width":96}},"publisher":{"@type":"Organization","name":"yys.cz","logo":{"@type":"ImageObject","@id":"\/logo.png","url":"\/logo.png","width":600,"height":60}},"image":{"@type":"ImageObject","@id":"https:\/\/www.yys.cz\/wp-content\/uploads\/tea-783352_960_720_2.jpg","url":"https:\/\/www.yys.cz\/wp-content\/uploads\/tea-783352_960_720_2.jpg","height":0,"width":0},"keywords":null},{"@type":"Article","@id":"https:\/\/www.yys.cz\/s-bazenem-proti-stresu\/","headline":"S baz\u00e9nem proti stresu","url":"https:\/\/www.yys.cz\/s-bazenem-proti-stresu\/","datePublished":"2022-11-20","dateModified":"2023-05-02","mainEntityOfPage":"https:\/\/www.yys.cz\/s-bazenem-proti-stresu\/","author":{"@type":"Person","@id":"https:\/\/www.yys.cz\/author\/devene\/#Person","name":"devene","url":"https:\/\/www.yys.cz\/author\/devene\/","identifier":1,"image":{"@type":"ImageObject","@id":"https:\/\/secure.gravatar.com\/avatar\/13dbcc20b7c05fcb5c4a6b0bee5a7107a0aae9238a83a4088a42d170780b2eca?s=96&d=mm&r=g","url":"https:\/\/secure.gravatar.com\/avatar\/13dbcc20b7c05fcb5c4a6b0bee5a7107a0aae9238a83a4088a42d170780b2eca?s=96&d=mm&r=g","height":96,"width":96}},"publisher":{"@type":"Organization","name":"yys.cz","logo":{"@type":"ImageObject","@id":"\/logo.png","url":"\/logo.png","width":600,"height":60}},"image":{"@type":"ImageObject","@id":"https:\/\/www.yys.cz\/wp-content\/uploads\/water-g5cd70db14_640_1.jpg","url":"https:\/\/www.yys.cz\/wp-content\/uploads\/water-g5cd70db14_640_1.jpg","height":0,"width":0},"keywords":null},{"@type":"Article","@id":"https:\/\/www.yys.cz\/klimatizace-lg-se-muze-hodit\/","headline":"Klimatizace LG se m\u016f\u017ee hodit","url":"https:\/\/www.yys.cz\/klimatizace-lg-se-muze-hodit\/","datePublished":"2022-11-20","dateModified":"2023-05-02","mainEntityOfPage":"https:\/\/www.yys.cz\/klimatizace-lg-se-muze-hodit\/","author":{"@type":"Person","@id":"https:\/\/www.yys.cz\/author\/devene\/#Person","name":"devene","url":"https:\/\/www.yys.cz\/author\/devene\/","identifier":1,"image":{"@type":"ImageObject","@id":"https:\/\/secure.gravatar.com\/avatar\/13dbcc20b7c05fcb5c4a6b0bee5a7107a0aae9238a83a4088a42d170780b2eca?s=96&d=mm&r=g","url":"https:\/\/secure.gravatar.com\/avatar\/13dbcc20b7c05fcb5c4a6b0bee5a7107a0aae9238a83a4088a42d170780b2eca?s=96&d=mm&r=g","height":96,"width":96}},"publisher":{"@type":"Organization","name":"yys.cz","logo":{"@type":"ImageObject","@id":"\/logo.png","url":"\/logo.png","width":600,"height":60}},"image":{"@type":"ImageObject","@id":"https:\/\/www.yys.cz\/wp-content\/uploads\/klim.JPG","url":"https:\/\/www.yys.cz\/wp-content\/uploads\/klim.JPG","height":0,"width":0},"keywords":null},{"@type":"Article","@id":"https:\/\/www.yys.cz\/elegantni-sklenicky\/","headline":"Elegantn\u00ed skleni\u010dky","url":"https:\/\/www.yys.cz\/elegantni-sklenicky\/","datePublished":"2022-11-14","dateModified":"2023-05-02","mainEntityOfPage":"https:\/\/www.yys.cz\/elegantni-sklenicky\/","author":{"@type":"Person","@id":"https:\/\/www.yys.cz\/author\/devene\/#Person","name":"devene","url":"https:\/\/www.yys.cz\/author\/devene\/","identifier":1,"image":{"@type":"ImageObject","@id":"https:\/\/secure.gravatar.com\/avatar\/13dbcc20b7c05fcb5c4a6b0bee5a7107a0aae9238a83a4088a42d170780b2eca?s=96&d=mm&r=g","url":"https:\/\/secure.gravatar.com\/avatar\/13dbcc20b7c05fcb5c4a6b0bee5a7107a0aae9238a83a4088a42d170780b2eca?s=96&d=mm&r=g","height":96,"width":96}},"publisher":{"@type":"Organization","name":"yys.cz","logo":{"@type":"ImageObject","@id":"\/logo.png","url":"\/logo.png","width":600,"height":60}},"image":{"@type":"ImageObject","@id":"https:\/\/www.yys.cz\/wp-content\/uploads\/red-wine-2443699_960_720_1.jpg","url":"https:\/\/www.yys.cz\/wp-content\/uploads\/red-wine-2443699_960_720_1.jpg","height":0,"width":0},"keywords":null},{"@type":"Article","@id":"https:\/\/www.yys.cz\/na-prostatu-pomohou-i-bylinky\/","headline":"Na prostatu pomohou i bylinky","url":"https:\/\/www.yys.cz\/na-prostatu-pomohou-i-bylinky\/","datePublished":"2022-11-05","dateModified":"2023-05-02","mainEntityOfPage":"https:\/\/www.yys.cz\/na-prostatu-pomohou-i-bylinky\/","author":{"@type":"Person","@id":"https:\/\/www.yys.cz\/author\/devene\/#Person","name":"devene","url":"https:\/\/www.yys.cz\/author\/devene\/","identifier":1,"image":{"@type":"ImageObject","@id":"https:\/\/secure.gravatar.com\/avatar\/13dbcc20b7c05fcb5c4a6b0bee5a7107a0aae9238a83a4088a42d170780b2eca?s=96&d=mm&r=g","url":"https:\/\/secure.gravatar.com\/avatar\/13dbcc20b7c05fcb5c4a6b0bee5a7107a0aae9238a83a4088a42d170780b2eca?s=96&d=mm&r=g","height":96,"width":96}},"publisher":{"@type":"Organization","name":"yys.cz","logo":{"@type":"ImageObject","@id":"\/logo.png","url":"\/logo.png","width":600,"height":60}},"image":{"@type":"ImageObject","@id":"https:\/\/www.yys.cz\/wp-content\/uploads\/flora-7049199_640.jpg","url":"https:\/\/www.yys.cz\/wp-content\/uploads\/flora-7049199_640.jpg","height":0,"width":0},"keywords":null}]}