[{"@context":"https:\/\/schema.org\/","@type":"Article","@id":"https:\/\/www.yys.cz\/zamerujeme-se-na-nabidku-drevenych-podlah\/#Article","mainEntityOfPage":"https:\/\/www.yys.cz\/zamerujeme-se-na-nabidku-drevenych-podlah\/","headline":"Zam\u011b\u0159ujeme se na nab\u00eddku d\u0159ev\u011bn\u00fdch podlah","name":"Zam\u011b\u0159ujeme se na nab\u00eddku d\u0159ev\u011bn\u00fdch podlah","description":"Prov\u00e1d\u00edte rekonstrukci a zjistili jste, \u017ee va\u0161e d\u0159ev\u011bn\u00e9 podlahy chcete renovovat nebo jste se prost\u011b jen rozhodli pro zm\u011bnu? Pak jste na spr\u00e1vn\u00e9 adrese. Zam\u011b\u0159ujeme se na nab\u00eddku d\u0159ev\u011bn\u00fdch podlah, jejich \u00fadr\u017ebu, p\u0159\u00edpadn\u011b opravu a samoz\u0159ejmost\u00ed je samotn\u00e1 realizace pokl\u00e1dky. D\u0159ev\u011bn\u00e9 podlahy vol\u00ed v\u0161ichni ti, kte\u0159\u00ed se do budoucna cht\u011bj\u00ed vyhnout co nejv\u00edce investic\u00edm za [&hellip;]","datePublished":"2025-01-03","dateModified":"2025-01-03","author":{"@type":"Person","@id":"https:\/\/www.yys.cz\/author\/devene\/#Person","name":"devene","url":"https:\/\/www.yys.cz\/author\/devene\/","identifier":1,"image":{"@type":"ImageObject","@id":"https:\/\/secure.gravatar.com\/avatar\/13dbcc20b7c05fcb5c4a6b0bee5a7107a0aae9238a83a4088a42d170780b2eca?s=96&d=mm&r=g","url":"https:\/\/secure.gravatar.com\/avatar\/13dbcc20b7c05fcb5c4a6b0bee5a7107a0aae9238a83a4088a42d170780b2eca?s=96&d=mm&r=g","height":96,"width":96}},"publisher":{"@type":"Organization","name":"yys.cz","logo":{"@type":"ImageObject","@id":"\/logo.png","url":"\/logo.png","width":600,"height":60}},"url":"https:\/\/www.yys.cz\/zamerujeme-se-na-nabidku-drevenych-podlah\/","wordCount":283,"articleBody":" Prov\u00e1d\u00edte rekonstrukci a zjistili jste, \u017ee va\u0161e d\u0159ev\u011bn\u00e9 podlahy chcete renovovat nebo jste se prost\u011b jen rozhodli pro zm\u011bnu? Pak jste na spr\u00e1vn\u00e9 adrese. Zam\u011b\u0159ujeme se na nab\u00eddku d\u0159ev\u011bn\u00fdch podlah, jejich \u00fadr\u017ebu, p\u0159\u00edpadn\u011b opravu a samoz\u0159ejmost\u00ed je samotn\u00e1 realizace pokl\u00e1dky. D\u0159ev\u011bn\u00e9 podlahy vol\u00ed v\u0161ichni ti, kte\u0159\u00ed se do budoucna cht\u011bj\u00ed vyhnout co nejv\u00edce investic\u00edm za jejich n\u00e1slednou \u00fadr\u017ebu, p\u0159\u00edpadn\u011b se ob\u00e1vaj\u00ed, \u017ee zvolen\u00fd druh se jim brzy okouk\u00e1. Jak v\u0161ichni v\u00edme, d\u0159evo je materi\u00e1l, kter\u00fd lehce nepodl\u00e9h\u00e1 n\u011bjak\u00e9mu mechanick\u00e9mu po\u0161kozen\u00ed, dr\u017e\u00ed st\u00e1le stejn\u00fd tvar, p\u0159in\u00e1\u0161\u00ed n\u00e1m do interi\u00e9ru prvek p\u0159\u00edrody, kter\u00fd p\u016fsob\u00ed h\u0159ejiv\u00fdm a nav\u00edc estetick\u00fdm dojmem. Jde tedy opravdu o materi\u00e1l, kter\u00fd dr\u017e\u00ed na v\u011bky a p\u0159i spr\u00e1vn\u00e9 \u00fadr\u017eb\u011b n\u00e1s ne\u010dekaj\u00ed ani \u017e\u00e1dn\u00e9 komplikace v podob\u011b oprav nebo n\u00e1sledn\u00fdch ne\u017e\u00e1douc\u00edch vad. Volba, kterou uv\u00edt\u00e1teD\u0159even\u00e9 podlahy jsou volbou, p\u0159i kter\u00e9 neprohloup\u00edte. Na v\u00fdb\u011br m\u00e1te z r\u016fzn\u00fdch variant, kter\u00e9 m\u016f\u017eete pro v\u00e1\u0161 interi\u00e9r zvolit. Je jedno, jestli jste fanou\u0161ek sou\u010dasn\u00fdch trend\u016f a bambusov\u00e1 podlaha bude pr\u00e1v\u011b va\u0161\u00ed v\u00edt\u011bzkou, nebo jste konzervativec, kter\u00fd d\u00e1 na ov\u011b\u0159enou kvalitu v podob\u011b parket, v\u0161echny tyto druhy v\u00e1m nab\u00edz\u00edme a r\u00e1di s v\u00e1mi mimo jin\u00e9 projdeme va\u0161e p\u0159\u00edpadn\u00e9 dotazy nebo porad\u00edme, jak\u00e1 podlaha m\u016f\u017ee splnit pr\u00e1v\u011b va\u0161e o\u010dek\u00e1v\u00e1n\u00ed.                                                                                                                                                                                                                                                                                                                                                                                                "},{"@context":"https:\/\/schema.org\/","@type":"BreadcrumbList","itemListElement":[{"@type":"ListItem","position":1,"name":"Zam\u011b\u0159ujeme se na nab\u00eddku d\u0159ev\u011bn\u00fdch podlah","item":"https:\/\/www.yys.cz\/zamerujeme-se-na-nabidku-drevenych-podlah\/#breadcrumbitem"}]}]