[{"@context":"https:\/\/schema.org\/","@type":"Article","@id":"https:\/\/www.yys.cz\/vyslovuje-vase-dite-spravne\/#Article","mainEntityOfPage":"https:\/\/www.yys.cz\/vyslovuje-vase-dite-spravne\/","headline":"Vyslovuje va\u0161e d\u00edt\u011b spr\u00e1vn\u011b?","name":"Vyslovuje va\u0161e d\u00edt\u011b spr\u00e1vn\u011b?","description":"Mnoho d\u011bt\u00ed m\u00e1 dnes probl\u00e9m s mluven\u00edm, a nemus\u00ed to zrovna b\u00fdt proto, \u017ee je prost\u011b pohodln\u00e9 a mluvit se mu zrovna moc nechce. Na vin\u011b m\u016f\u017ee b\u00fdt celkov\u00fd opo\u017ed\u011bn\u00fd psychomotorick\u00fd v\u00fdvoj \u010di d\u016fsledek jin\u00e9 nemoci. Rodi\u010de v\u0161ak sami mohou d\u011btem pomoci zlep\u0161ovat jejich \u0159e\u010d. Pokud v\u0161ak d\u00edt\u011b \u0161i\u0161l\u00e1 i v p\u0159ed\u0161koln\u00edm v\u011bku, nen\u00ed v\u00fdvoj [&hellip;]","datePublished":"2025-05-13","dateModified":"2025-05-13","author":{"@type":"Person","@id":"https:\/\/www.yys.cz\/author\/devene\/#Person","name":"devene","url":"https:\/\/www.yys.cz\/author\/devene\/","identifier":1,"image":{"@type":"ImageObject","@id":"https:\/\/secure.gravatar.com\/avatar\/13dbcc20b7c05fcb5c4a6b0bee5a7107a0aae9238a83a4088a42d170780b2eca?s=96&d=mm&r=g","url":"https:\/\/secure.gravatar.com\/avatar\/13dbcc20b7c05fcb5c4a6b0bee5a7107a0aae9238a83a4088a42d170780b2eca?s=96&d=mm&r=g","height":96,"width":96}},"publisher":{"@type":"Organization","name":"yys.cz","logo":{"@type":"ImageObject","@id":"\/logo.png","url":"\/logo.png","width":600,"height":60}},"url":"https:\/\/www.yys.cz\/vyslovuje-vase-dite-spravne\/","wordCount":473,"articleBody":"Mnoho d\u011bt\u00ed m\u00e1 dnes probl\u00e9m s mluven\u00edm, a nemus\u00ed to zrovna b\u00fdt proto, \u017ee je prost\u011b pohodln\u00e9 a mluvit se mu zrovna moc nechce. Na vin\u011b m\u016f\u017ee b\u00fdt celkov\u00fd opo\u017ed\u011bn\u00fd psychomotorick\u00fd v\u00fdvoj \u010di d\u016fsledek jin\u00e9 nemoci. Rodi\u010de v\u0161ak sami mohou d\u011btem pomoci zlep\u0161ovat jejich \u0159e\u010d. Pokud v\u0161ak d\u00edt\u011b \u0161i\u0161l\u00e1 i v p\u0159ed\u0161koln\u00edm v\u011bku, nen\u00ed v\u00fdvoj jeho \u0159e\u010di v po\u0159\u00e1dku, a tak je nejvy\u0161\u0161\u00ed \u010das vyhledat odbornou pomoc. Ka\u017ed\u00e9 d\u00edt\u011b je origin\u00e1l Vyslovovat jist\u00e9 hl\u00e1sky, nap\u0159\u00edklad R a \u0158 je velmi slo\u017eit\u00e9 a t\u011b\u017ek\u00e9, a tak nen\u00ed divu, \u017ee n\u011bkter\u00fdm d\u011btem daj\u00ed slov\u00ed\u010dka s t\u011bmito hl\u00e1skami velkou pr\u00e1ci je vyslovit. Ka\u017ed\u00e9 d\u00edt\u011b je v\u0161ak jin\u00e9 a m\u00e1 sv\u00e9 vlastn\u00ed tempo v\u00fdvoje, a tak nem\u016f\u017eete srovn\u00e1vat, kdo kdy a jak mluv\u00ed. N\u011bkter\u00e9 d\u00edt\u011b zvl\u00e1dne mluvit bez probl\u00e9m\u016f t\u00e9m\u011b\u0159 od po\u010d\u00e1tku, jin\u00e9mu se tolik neda\u0159\u00ed. Dejte jim v\u017edy \u010das a d\u011bti nijak netraumatizujte a nestresujte. Postupem \u010dasu by se m\u011bla \u0159e\u010d va\u0161ich potomk\u016f vyvinout do normy. Pokud se tak nestane, je vhodn\u00e9 nav\u0161t\u00edvit logopeda, kter\u00fd v\u00e1m pom\u016f\u017ee vyslovov\u00e1n\u00ed hl\u00e1sek natr\u00e9novat. Ve \u0161kole by u\u017e m\u011bly um\u011bt dob\u0159e mluvit \u0158e\u0161it \u0161patnou v\u00fdslovnost a\u017e ve \u0161kole je v\u0161ak ji\u017e pozd\u011b. Zde jsou d\u011bti zahlcov\u00e1n\u00ed nov\u00fdmi informacemi, a pokud maj\u00ed pot\u00ed\u017ee s \u0159e\u010d\u00ed, budou se jen o to v\u00edc tr\u00e1pit, \u017ee nest\u00edhaj\u00ed sv\u00fdm vrstevn\u00edk\u016fm. Proto za\u010dn\u011bte vadu \u0159e\u010di \u0159e\u0161it o n\u011bco d\u0159\u00edve. P\u0159ed\u0161koln\u00ed v\u011bk T\u0159et\u00ed rok d\u00edt\u011bte je ve v\u00fdvoji \u0159e\u010di zlomov\u00fd. V tomto v\u011bku se toti\u017e u\u010d\u00ed pou\u017e\u00edvat slova a roz\u0161i\u0159uje si slovn\u00ed z\u00e1sobu. Rodi\u010de by se proto m\u011bli vyzbrojit trp\u011blivost\u00ed proto neust\u00e1l\u00e9mu opakov\u00e1n\u00ed a vysv\u011btlov\u00e1n\u00ed. T\u00edm, \u017ee d\u00edt\u011bti budou pom\u00e1hat v hled\u00e1n\u00ed spr\u00e1vn\u00fdch a vhodn\u00fdch slov, mu sn\u00ed\u017e\u00ed riziko, \u017ee se u n\u011bj v pozd\u011bj\u0161\u00edm v\u011bku objev\u00ed vada \u0159e\u010di. V p\u0159ed\u0161koln\u00edm v\u011bku jsou d\u011bti dostate\u010dn\u011b zral\u00e9 pro ovl\u00e1d\u00e1n\u00ed v\u00fdslovnosti. Pokud v\u0161ak p\u0159i mluven\u00ed zadrhuj\u00ed, \u0161i\u0161laj\u00ed nebo mluv\u00ed nesrozumiteln\u011b, je pot\u0159eba to napravit. N\u00e1prava jde u p\u0159ed\u0161koln\u00edch d\u011bt\u00ed velmi snadno a rychle, proto nen\u00ed dobr\u00e9 tuto dobu prome\u0161kat. Poruchy \u0159e\u010di se samoz\u0159ejm\u011b daj\u00ed napravit i v pozd\u011bj\u0161\u00edm v\u011bku, je to ov\u0161em ji\u017e zdlouhav\u011bj\u0161\u00ed.                                                                                                                                                                                                                                                                                                                                                                                         4.2\/5 - (6 votes)        "},{"@context":"https:\/\/schema.org\/","@type":"BreadcrumbList","itemListElement":[{"@type":"ListItem","position":1,"name":"Vyslovuje va\u0161e d\u00edt\u011b spr\u00e1vn\u011b?","item":"https:\/\/www.yys.cz\/vyslovuje-vase-dite-spravne\/#breadcrumbitem"}]}]