[{"@context":"https:\/\/schema.org\/","@type":"Article","@id":"https:\/\/www.yys.cz\/tlumoceni-je-nasi-silnou-parketou\/#Article","mainEntityOfPage":"https:\/\/www.yys.cz\/tlumoceni-je-nasi-silnou-parketou\/","headline":"Tlumo\u010den\u00ed je na\u0161\u00ed silnou parketou","name":"Tlumo\u010den\u00ed je na\u0161\u00ed silnou parketou","description":"Tlumo\u010den\u00edje perfektn\u00ed zp\u016fsob jak se dorozum\u011bt s osobami, kter\u00e9 mluv\u00ed jazykem, kter\u00e9mu nerozum\u00edte. Vyu\u017e\u00edv\u00e1me t\u0159\u00ed metod k p\u0159eklad\u016fm, ka\u017ed\u00fd pro jinou situaci. Pro st\u00e1n\u00ed u soudu se vyu\u017e\u00edv\u00e1 soudn\u00ed p\u0159ekl\u00e1d\u00e1n\u00ed, kter\u00e9 vy\u017eaduje tlumo\u010dn\u00edky spl\u0148uj\u00edc\u00ed ur\u010dit\u00e9 podm\u00ednky. Mezi ty pat\u0159\u00ed nap\u0159\u00edklad slo\u017een\u00ed p\u0159\u00edsahy. Konsekutivn\u00ed tlumo\u010den\u00ed se pou\u017e\u00edv\u00e1 u politick\u00fdch a obchodn\u00edch jedn\u00e1n\u00ed. Tento typ spo\u010d\u00edv\u00e1 v [&hellip;]","datePublished":"2024-12-23","dateModified":"2024-12-23","author":{"@type":"Person","@id":"https:\/\/www.yys.cz\/author\/devene\/#Person","name":"devene","url":"https:\/\/www.yys.cz\/author\/devene\/","identifier":1,"image":{"@type":"ImageObject","@id":"https:\/\/secure.gravatar.com\/avatar\/13dbcc20b7c05fcb5c4a6b0bee5a7107a0aae9238a83a4088a42d170780b2eca?s=96&d=mm&r=g","url":"https:\/\/secure.gravatar.com\/avatar\/13dbcc20b7c05fcb5c4a6b0bee5a7107a0aae9238a83a4088a42d170780b2eca?s=96&d=mm&r=g","height":96,"width":96}},"publisher":{"@type":"Organization","name":"yys.cz","logo":{"@type":"ImageObject","@id":"\/logo.png","url":"\/logo.png","width":600,"height":60}},"url":"https:\/\/www.yys.cz\/tlumoceni-je-nasi-silnou-parketou\/","wordCount":171,"articleBody":"Tlumo\u010den\u00edje perfektn\u00ed zp\u016fsob jak se dorozum\u011bt s osobami, kter\u00e9 mluv\u00ed jazykem, kter\u00e9mu nerozum\u00edte. Vyu\u017e\u00edv\u00e1me t\u0159\u00ed metod k p\u0159eklad\u016fm, ka\u017ed\u00fd pro jinou situaci. Pro st\u00e1n\u00ed u soudu se vyu\u017e\u00edv\u00e1 soudn\u00ed p\u0159ekl\u00e1d\u00e1n\u00ed, kter\u00e9 vy\u017eaduje tlumo\u010dn\u00edky spl\u0148uj\u00edc\u00ed ur\u010dit\u00e9 podm\u00ednky. Mezi ty pat\u0159\u00ed nap\u0159\u00edklad slo\u017een\u00ed p\u0159\u00edsahy.Konsekutivn\u00ed tlumo\u010den\u00ed se pou\u017e\u00edv\u00e1 u politick\u00fdch a obchodn\u00edch jedn\u00e1n\u00ed. Tento typ spo\u010d\u00edv\u00e1 v tom, \u017ee \u0159e\u010dn\u00edk pronese \u010d\u00e1st my\u0161lenky, n\u00e1sledn\u011b se odml\u010d\u00ed a za\u010d\u00edn\u00e1 pr\u00e1ce tlumo\u010dn\u00edka. Dal\u0161\u00edm zp\u016fsobem je simult\u00e1nn\u00ed tlumo\u010den\u00ed. To vyu\u017e\u00edv\u00e1 mikrofonu a sluch\u00e1tek. Dal\u0161\u00edm zp\u016fsobem m\u016f\u017ee b\u00fdt i \u0161u\u0161ot\u00e1\u017e, co\u017e je \u0161ept\u00e1n\u00ed do ucha.Objedn\u00e1n\u00ed tlumo\u010dn\u00edk\u016fTlumo\u010dn\u00edk lze objednat na minim\u00e1ln\u011b 4 hodiny, p\u0159i\u010dem\u017e p\u0159i p\u0159esahu je \u00fa\u010dtov\u00e1n jeden pracovn\u00ed den (8 hodin).                                                                                                                                                                                                                                                                                                                                                                                        3.8\/5 - (5 votes)        "},{"@context":"https:\/\/schema.org\/","@type":"BreadcrumbList","itemListElement":[{"@type":"ListItem","position":1,"name":"Tlumo\u010den\u00ed je na\u0161\u00ed silnou parketou","item":"https:\/\/www.yys.cz\/tlumoceni-je-nasi-silnou-parketou\/#breadcrumbitem"}]}]