[{"@context":"https:\/\/schema.org\/","@type":"Article","@id":"https:\/\/www.yys.cz\/ta-ktera-umi-ucinne-bojovat-s-volnymi-radikaly-v-nasem-tele\/#Article","mainEntityOfPage":"https:\/\/www.yys.cz\/ta-ktera-umi-ucinne-bojovat-s-volnymi-radikaly-v-nasem-tele\/","headline":"Ta, kter\u00e1 um\u00ed \u00fa\u010dinn\u011b bojovat s voln\u00fdmi radik\u00e1ly v na\u0161em t\u011ble!","name":"Ta, kter\u00e1 um\u00ed \u00fa\u010dinn\u011b bojovat s voln\u00fdmi radik\u00e1ly v na\u0161em t\u011ble!","description":"P\u0159esn\u011b tak, \u0159e\u010d je o kyselin\u011b chlorogenov\u00e9, kter\u00e1 posiluje va\u0161e svalstvo a stimuluje rychlej\u0161\u00ed cirkulaci krve v na\u0161em t\u011ble. A co p\u0159edev\u0161\u00edm d\u00edky tomuto procesu z\u00edsk\u00e1v\u00e1me je to, \u017ee um\u00ed \u00fa\u010dinn\u011b bojovat s voln\u00fdmi necht\u011bn\u00fdmi radik\u00e1ly v na\u0161em organismu. Vyzkou\u0161ejte zelenou k\u00e1vu a pozorujte sami, zda se na fyzick\u00e9 \u00farovni c\u00edt\u00edte l\u00e9pe a vit\u00e1ln\u011bji! Dobr\u00fd [&hellip;]","datePublished":"2025-02-17","dateModified":"2025-02-17","author":{"@type":"Person","@id":"https:\/\/www.yys.cz\/author\/devene\/#Person","name":"devene","url":"https:\/\/www.yys.cz\/author\/devene\/","identifier":1,"image":{"@type":"ImageObject","@id":"https:\/\/secure.gravatar.com\/avatar\/13dbcc20b7c05fcb5c4a6b0bee5a7107a0aae9238a83a4088a42d170780b2eca?s=96&d=mm&r=g","url":"https:\/\/secure.gravatar.com\/avatar\/13dbcc20b7c05fcb5c4a6b0bee5a7107a0aae9238a83a4088a42d170780b2eca?s=96&d=mm&r=g","height":96,"width":96}},"publisher":{"@type":"Organization","name":"yys.cz","logo":{"@type":"ImageObject","@id":"\/logo.png","url":"\/logo.png","width":600,"height":60}},"url":"https:\/\/www.yys.cz\/ta-ktera-umi-ucinne-bojovat-s-volnymi-radikaly-v-nasem-tele\/","wordCount":166,"articleBody":" P\u0159esn\u011b tak, \u0159e\u010d je o kyselin\u011b chlorogenov\u00e9, kter\u00e1 posiluje va\u0161e svalstvo a stimuluje rychlej\u0161\u00ed cirkulaci krve v na\u0161em t\u011ble. A co p\u0159edev\u0161\u00edm d\u00edky tomuto procesu z\u00edsk\u00e1v\u00e1me je to, \u017ee um\u00ed \u00fa\u010dinn\u011b bojovat s voln\u00fdmi necht\u011bn\u00fdmi radik\u00e1ly v na\u0161em organismu. Vyzkou\u0161ejte zelenou k\u00e1vu a pozorujte sami, zda se na fyzick\u00e9 \u00farovni c\u00edt\u00edte l\u00e9pe a vit\u00e1ln\u011bji! Dobr\u00fd kofl\u00ed\u010dek, kter\u00e9ho se u\u017e nevzd\u00e1te! Ano, zelen\u00e1 k\u00e1vi\u010dka, to bude v\u00e1\u0161 dobr\u00fd rann\u00ed kofl\u00ed\u010dek, kter\u00e9ho u\u017e se jen tak nevzd\u00e1te! P\u0159ipravte si tento blahod\u00e1rn\u011b cenn\u00fd n\u00e1poj pro na\u0161e t\u011blo, konkr\u00e9tn\u011b svaly, tepny a \u017e\u00edly! Nen\u00ed jen propagov\u00e1n pro \u017eensk\u00e9 jemn\u00e9 pohlav\u00ed, kter\u00e9 je cel\u00fd \u017eivot posednut\u00e9 hubnut\u00edm. Hod\u00ed se pro ka\u017ed\u00e9ho z n\u00e1s a na ka\u017ed\u00e9m m\u016f\u017ee nechat svoji zdravou stopu! Jen jej vyzkou\u0161et!                                                                                                                                                                                                                                                                                                                                                                                        4.3\/5 - (3 votes)        "},{"@context":"https:\/\/schema.org\/","@type":"BreadcrumbList","itemListElement":[{"@type":"ListItem","position":1,"name":"Ta, kter\u00e1 um\u00ed \u00fa\u010dinn\u011b bojovat s voln\u00fdmi radik\u00e1ly v na\u0161em t\u011ble!","item":"https:\/\/www.yys.cz\/ta-ktera-umi-ucinne-bojovat-s-volnymi-radikaly-v-nasem-tele\/#breadcrumbitem"}]}]