[{"@context":"https:\/\/schema.org\/","@type":"Article","@id":"https:\/\/www.yys.cz\/reklamace-s-tim-vam-zbytecne-drahoty-delat-nebudeme\/#Article","mainEntityOfPage":"https:\/\/www.yys.cz\/reklamace-s-tim-vam-zbytecne-drahoty-delat-nebudeme\/","headline":"Reklamace, s t\u00edm v\u00e1m zbyte\u010dn\u00e9 drahoty d\u011blat nebudeme!","name":"Reklamace, s t\u00edm v\u00e1m zbyte\u010dn\u00e9 drahoty d\u011blat nebudeme!","description":"Va\u0161e dceru\u0161ka p\u0159\u00ed\u0161t\u00ed m\u011bs\u00edc dovr\u0161\u00ed \u010dtvrt\u00e9ho m\u011bs\u00edce a pakli\u017ee chcete ou\u0161ka prop\u00edchnout, nem\u016f\u017eete s koup\u00ed d\u011btsk\u00fdch n\u00e1u\u0161ni\u010dek d\u00e9le ot\u00e1let! Pediatri\u010dka m\u00e1 jasno, pak u\u017e mal\u00e9ho kojence nedok\u00e1\u017ee tak snadno zvl\u00e1dnout a p\u0159eci jen se mus\u00edte tomuto syst\u00e9mu vy jako matka pod\u0159\u00eddit. Nechce se v\u00e1m \u010dekat v \u010dek\u00e1rn\u011b a sly\u0161et srdceryvn\u00fd k\u0159ik va\u0161\u00ed beru\u0161ky? Myslete pozitivn\u011b [&hellip;]","datePublished":"2025-09-03","dateModified":"2025-09-03","author":{"@type":"Person","@id":"https:\/\/www.yys.cz\/author\/devene\/#Person","name":"devene","url":"https:\/\/www.yys.cz\/author\/devene\/","identifier":1,"image":{"@type":"ImageObject","@id":"https:\/\/secure.gravatar.com\/avatar\/13dbcc20b7c05fcb5c4a6b0bee5a7107a0aae9238a83a4088a42d170780b2eca?s=96&d=mm&r=g","url":"https:\/\/secure.gravatar.com\/avatar\/13dbcc20b7c05fcb5c4a6b0bee5a7107a0aae9238a83a4088a42d170780b2eca?s=96&d=mm&r=g","height":96,"width":96}},"publisher":{"@type":"Organization","name":"yys.cz","logo":{"@type":"ImageObject","@id":"\/logo.png","url":"\/logo.png","width":600,"height":60}},"url":"https:\/\/www.yys.cz\/reklamace-s-tim-vam-zbytecne-drahoty-delat-nebudeme\/","wordCount":182,"articleBody":"Va\u0161e dceru\u0161ka p\u0159\u00ed\u0161t\u00ed m\u011bs\u00edc dovr\u0161\u00ed \u010dtvrt\u00e9ho m\u011bs\u00edce a pakli\u017ee chcete ou\u0161ka prop\u00edchnout, nem\u016f\u017eete s koup\u00ed d\u011btsk\u00fdch n\u00e1u\u0161ni\u010dek d\u00e9le ot\u00e1let! Pediatri\u010dka m\u00e1 jasno, pak u\u017e mal\u00e9ho kojence nedok\u00e1\u017ee tak snadno zvl\u00e1dnout a p\u0159eci jen se mus\u00edte tomuto syst\u00e9mu vy jako matka pod\u0159\u00eddit. Nechce se v\u00e1m \u010dekat v \u010dek\u00e1rn\u011b a sly\u0161et srdceryvn\u00fd k\u0159ik va\u0161\u00ed beru\u0161ky? Myslete pozitivn\u011b na to, \u017ee u\u017e druh\u00fd den o ni\u010dem v\u011bd\u011bt nebude, nato\u017e pak za p\u011bt \u010di deset let. Naopak bude r\u00e1da, \u017ee si sv\u00e1 ou\u0161ka bude moci zdobit rozli\u010dn\u00fdmi ozd\u016fbkami! T\u0159eba u\u017e jen t\u011bmi lacin\u011bj\u0161\u00edmi z bi\u017euterie. Ale jako miminko je rozumn\u00e9 vyb\u00edrat pouze zlat\u00e9, pop\u0159\u00edpad\u011b \u0161perky z nez\u00e1vadn\u00e9 chirurgick\u00e9 oceli. Prvn\u00ed v\u00fdb\u011br D\u011btsk\u00e9 n\u00e1u\u0161nice jsou prvn\u00ed ozd\u016fbkou ka\u017ed\u00e9 mal\u00e9 sle\u010dny! Tak u\u017e je to na tom sv\u011bt\u011b za\u0159\u00edzeno!                                                                                                                                                                                                                                                                                                                                                                                                "},{"@context":"https:\/\/schema.org\/","@type":"BreadcrumbList","itemListElement":[{"@type":"ListItem","position":1,"name":"Reklamace, s t\u00edm v\u00e1m zbyte\u010dn\u00e9 drahoty d\u011blat nebudeme!","item":"https:\/\/www.yys.cz\/reklamace-s-tim-vam-zbytecne-drahoty-delat-nebudeme\/#breadcrumbitem"}]}]