[{"@context":"https:\/\/schema.org\/","@type":"Article","@id":"https:\/\/www.yys.cz\/pronajem-chalupa\/#Article","mainEntityOfPage":"https:\/\/www.yys.cz\/pronajem-chalupa\/","headline":"Pron\u00e1jem chalupa","name":"Pron\u00e1jem chalupa","description":"Oslavy narozenin mohou b\u00fdt akc\u00ed nezapomenutelnou nebo tak\u00e9 akc\u00ed prokl\u00ednanou. Pron\u00e1jem chalupa V\u00e1m m\u016f\u017ee pomoci s t\u00edm, aby byla ta Va\u0161e bl\u00ed\u017e\u00edc\u00ed se oslava opravdu nezapomenuteln\u00e1. Cht\u011bli byste to vyzkou\u0161et? J\u00e1 v\u011b\u0159\u00edm, \u017ee za pokus by to jist\u011b st\u00e1lo. Ostatn\u011b, m\u016f\u017eete se zeptat n\u011bkoho, kdo u\u017e takovou akci na chalup\u011b po\u0159\u00e1dal, jak\u00e9 to bylo. A [&hellip;]","datePublished":"2025-02-25","dateModified":"2025-02-25","author":{"@type":"Person","@id":"https:\/\/www.yys.cz\/author\/devene\/#Person","name":"devene","url":"https:\/\/www.yys.cz\/author\/devene\/","identifier":1,"image":{"@type":"ImageObject","@id":"https:\/\/secure.gravatar.com\/avatar\/13dbcc20b7c05fcb5c4a6b0bee5a7107a0aae9238a83a4088a42d170780b2eca?s=96&d=mm&r=g","url":"https:\/\/secure.gravatar.com\/avatar\/13dbcc20b7c05fcb5c4a6b0bee5a7107a0aae9238a83a4088a42d170780b2eca?s=96&d=mm&r=g","height":96,"width":96}},"publisher":{"@type":"Organization","name":"yys.cz","logo":{"@type":"ImageObject","@id":"\/logo.png","url":"\/logo.png","width":600,"height":60}},"url":"https:\/\/www.yys.cz\/pronajem-chalupa\/","wordCount":156,"articleBody":"Oslavy narozenin mohou b\u00fdt akc\u00ed nezapomenutelnou nebo tak\u00e9 akc\u00ed prokl\u00ednanou. Pron\u00e1jem chalupa V\u00e1m m\u016f\u017ee pomoci s t\u00edm, aby byla ta Va\u0161e bl\u00ed\u017e\u00edc\u00ed se oslava opravdu nezapomenuteln\u00e1. Cht\u011bli byste to vyzkou\u0161et? J\u00e1 v\u011b\u0159\u00edm, \u017ee za pokus by to jist\u011b st\u00e1lo. Ostatn\u011b, m\u016f\u017eete se zeptat n\u011bkoho, kdo u\u017e takovou akci na chalup\u011b po\u0159\u00e1dal, jak\u00e9 to bylo. A \u010derpat inspiraci z jeho zku\u0161enost\u00ed. Pron\u00e1jem chalupa V\u00e1m umo\u017en\u00ed takov\u00e9 z\u00e1\u017eitky, kter\u00e9 jinde ne\u017e na chat\u011b zkr\u00e1tka neza\u017eijete! Zahradn\u00ed akce Nav\u00edc, pokud je hezk\u00e9 po\u010das\u00ed, m\u016f\u017ee se oslava p\u0159esunout i na zahradu, ke grillu \u010di ohni\u0161ti. T\u00edm z\u00edsk\u00e1 oslava dal\u0161\u00ed rozm\u011br.Pron\u00e1jem chalupa je v\u00fdborn\u00fd n\u00e1pad pro v\u0161echny oslavence, kte\u0159\u00ed cht\u011bj\u00ed m\u00edt naprosto dokonalou oslavu sv\u00e9ho narozen\u00ed. Pat\u0159\u00edte mezi n\u011b tak\u00e9?                                                                                                                                                                                                                                                                                                                                                                                        5\/5 - (1 vote)        "},{"@context":"https:\/\/schema.org\/","@type":"BreadcrumbList","itemListElement":[{"@type":"ListItem","position":1,"name":"Pron\u00e1jem chalupa","item":"https:\/\/www.yys.cz\/pronajem-chalupa\/#breadcrumbitem"}]}]