[{"@context":"https:\/\/schema.org\/","@type":"Article","@id":"https:\/\/www.yys.cz\/proc-jiz-nejsou-s-mobilnimi-telefony-dodavany-nabijecky\/#Article","mainEntityOfPage":"https:\/\/www.yys.cz\/proc-jiz-nejsou-s-mobilnimi-telefony-dodavany-nabijecky\/","headline":"Pro\u010d ji\u017e nejsou s mobiln\u00edmi telefony dod\u00e1v\u00e1ny nab\u00edje\u010dky","name":"Pro\u010d ji\u017e nejsou s mobiln\u00edmi telefony dod\u00e1v\u00e1ny nab\u00edje\u010dky","description":"Zat\u00edmco je\u0161t\u011b p\u0159ed n\u011bkolika lety se pokl\u00e1dalo za samoz\u0159ejmost, \u017ee kdy\u017e si koup\u00edte nov\u00fd mobiln\u00ed telefon, bude sou\u010d\u00e1st\u00ed balen\u00ed i nab\u00edje\u010dka, dnes tomu tak ji\u017e nen\u00ed. V\u00a0sou\u010dasn\u00e9 dob\u011b za mnohem v\u011bt\u0161\u00ed pen\u00edze skute\u010dn\u011b dostanete pouze telefon samotn\u00fd. \u00a0 To samoz\u0159ejm\u011b vede k\u00a0nelibosti mnoha z\u00e1kazn\u00edk\u016f, av\u0161ak ta prozat\u00edm nen\u00ed dost velk\u00e1 na to, aby toto rozhodnut\u00ed [&hellip;]","datePublished":"2022-07-28","dateModified":"2023-05-02","author":{"@type":"Person","@id":"https:\/\/www.yys.cz\/author\/devene\/#Person","name":"devene","url":"https:\/\/www.yys.cz\/author\/devene\/","identifier":1,"image":{"@type":"ImageObject","@id":"https:\/\/secure.gravatar.com\/avatar\/13dbcc20b7c05fcb5c4a6b0bee5a7107a0aae9238a83a4088a42d170780b2eca?s=96&d=mm&r=g","url":"https:\/\/secure.gravatar.com\/avatar\/13dbcc20b7c05fcb5c4a6b0bee5a7107a0aae9238a83a4088a42d170780b2eca?s=96&d=mm&r=g","height":96,"width":96}},"publisher":{"@type":"Organization","name":"yys.cz","logo":{"@type":"ImageObject","@id":"\/logo.png","url":"\/logo.png","width":600,"height":60}},"image":{"@type":"ImageObject","@id":"https:\/\/www.yys.cz\/wp-content\/uploads\/mobil4_10_10.jpg","url":"https:\/\/www.yys.cz\/wp-content\/uploads\/mobil4_10_10.jpg","height":0,"width":0},"url":"https:\/\/www.yys.cz\/proc-jiz-nejsou-s-mobilnimi-telefony-dodavany-nabijecky\/","about":["Mobil"],"wordCount":429,"articleBody":"Zat\u00edmco je\u0161t\u011b p\u0159ed n\u011bkolika lety se pokl\u00e1dalo za samoz\u0159ejmost, \u017ee kdy\u017e si koup\u00edte nov\u00fd mobiln\u00ed telefon, bude sou\u010d\u00e1st\u00ed balen\u00ed i nab\u00edje\u010dka, dnes tomu tak ji\u017e nen\u00ed. V\u00a0sou\u010dasn\u00e9 dob\u011b za mnohem v\u011bt\u0161\u00ed pen\u00edze skute\u010dn\u011b dostanete pouze telefon samotn\u00fd.\u00a0To samoz\u0159ejm\u011b vede k\u00a0nelibosti mnoha z\u00e1kazn\u00edk\u016f, av\u0161ak ta prozat\u00edm nen\u00ed dost velk\u00e1 na to, aby toto rozhodnut\u00ed v\u00fdrobc\u016f a prodejc\u016f zvr\u00e1tila. Je to tak\u00e9 \u010d\u00e1ste\u010dn\u011b proto, \u017ee jsme se v\u00a0podstat\u011b stali na mobilech z\u00e1visl\u00fdmi do t\u00e9 m\u00edry, \u017ee mnoz\u00ed z\u00a0n\u00e1s ji\u017e bez sv\u00e9ho telefonu prakticky nemohou b\u00fdt. A toho jejich v\u00fdrobci a prodejci vyu\u017e\u00edvaj\u00ed.\u00a0\u00a0Zde se m\u016f\u017eeme pt\u00e1t po d\u016fvodu takov\u00e9ho rozhodnut\u00ed, a pravdou je, \u017ee jich je n\u011bkolik. T\u00edm hlavn\u00edm jsou samoz\u0159ejm\u011b pen\u00edze. P\u0159eci jen, pokud bude nab\u00edje\u010dka prod\u00e1v\u00e1na zvl\u00e1\u0161\u0165, utr\u017e\u00ed mnohem v\u00edce pen\u011bz, ne\u017e kdyby byla p\u0159ibalena k\u00a0telefonu samotn\u00e9mu.\u00a0Tato praktika byla umo\u017en\u011bna vyn\u00e1lezem univerz\u00e1ln\u00edch nab\u00edje\u010dek, tedy takov\u00fdch, kter\u00e9 funguj\u00ed pro v\u00edce model\u016f. Je to samoz\u0159ejm\u011b mo\u017en\u00e9 proto, \u017ee dnes ji\u017e maj\u00ed telefony jedn\u00e9 zna\u010dky praktiky v\u0161echny stejn\u00e9 otvory pro nab\u00edje\u010dku.\u00a0\u00a0Jist\u011b, je to prezentov\u00e1no jako v\u00fdhoda \u2013 nyn\u00ed m\u016f\u017eete s\u00a0jednou nab\u00edje\u010dkou nab\u00edt v\u00edce telefon\u016f. A kdy\u017e kupujete nov\u00fd, nebudete pot\u0159ebovat tak\u00e9 ji, \u010d\u00edm\u017e se sn\u00ed\u017e\u00ed cena. Skute\u010dnost v\u0161ak b\u00fdv\u00e1 pon\u011bkud jin\u00e1.\u00a0Je toti\u017e faktem, \u017ee i p\u0159esto, \u017ee se nyn\u00ed mobil prod\u00e1v\u00e1 \u00fapln\u011b samotn\u00fd bez jak\u00e9hokoliv p\u0159\u00edslu\u0161enstv\u00ed, jeho cena st\u00e1le stoup\u00e1. A to plat\u00ed i pro nab\u00edje\u010dky. Ty nav\u00edc mnohdy neb\u00fdvaj\u00ed tak odoln\u00e9 a d\u00edky spojen\u00ed p\u0159es USB kabel nam\u00edsto pevn\u00e9ho spojen\u00ed kabelu s\u00a0trafem jsou i mnohem k\u0159eh\u010d\u00ed a sn\u00e1ze se rozbij\u00ed. To samoz\u0159ejm\u011b znamen\u00e1, \u017ee si mus\u00edme koupit novou.\u00a0M\u016f\u017eeme tedy jasn\u011b vid\u011bt, \u017ee se jednalo o krok v\u00fdhodn\u00fd v\u00fdhradn\u011b pro spole\u010dnosti, kter\u00e9 je vyr\u00e1b\u00ed. Pro b\u011b\u017en\u00e9ho \u010dlov\u011bka to ji\u017e tak v\u00fdhodn\u00e9 nen\u00ed. Bohu\u017eel, lid\u00e9 maj\u00ed v\u00a0sou\u010dasn\u00e9 dob\u011b v\u00a0oblib\u011b univerz\u00e1lnost, tak\u017ee se jedn\u00e1 o trend, kter\u00fd je pov\u011bt\u0161inou, by\u0165 ne zrovna nad\u0161en\u011b, p\u0159ij\u00edm\u00e1n. A dokud tomu tak bude, nic se na n\u011bm nezm\u011bn\u00ed.                                                                                                                                                                                                                                                                                                                                                                                        4.9\/5 - (8 votes)        "},{"@context":"https:\/\/schema.org\/","@type":"BreadcrumbList","itemListElement":[{"@type":"ListItem","position":1,"name":"Pro\u010d ji\u017e nejsou s mobiln\u00edmi telefony dod\u00e1v\u00e1ny nab\u00edje\u010dky","item":"https:\/\/www.yys.cz\/proc-jiz-nejsou-s-mobilnimi-telefony-dodavany-nabijecky\/#breadcrumbitem"}]}]