[{"@context":"https:\/\/schema.org\/","@type":"Article","@id":"https:\/\/www.yys.cz\/prace-v-domacnosti\/#Article","mainEntityOfPage":"https:\/\/www.yys.cz\/prace-v-domacnosti\/","headline":"Pr\u00e1ce v dom\u00e1cnosti","name":"Pr\u00e1ce v dom\u00e1cnosti","description":"Pr\u00e1ce v dom\u00e1cnosti, to je v\u011bc, kterou ne ka\u017ed\u00fd m\u00e1 v\u00a0oblib\u011b. Ale t\u0159eba mn\u011b to nevad\u00ed a mus\u00edm \u0159\u00edct, \u017ee m\u011b to docela i bav\u00ed. Proto\u017ee m\u00e1m ve v\u0161em sv\u016fj \u0159\u00e1d a tak\u00e9 syst\u00e9m. Ka\u017edou m\u00edstnost ukl\u00edz\u00edm postupn\u011b a v\u00a0klidu a hlavn\u011b ka\u017ed\u00fd den ud\u011bl\u00e1m n\u011bco\u2026 T\u0159eba ne ka\u017ed\u00e9mu to m\u016f\u017ee vyhovovat, ale j\u00e1 to [&hellip;]","datePublished":"2024-04-29","dateModified":"2024-04-29","author":{"@type":"Person","@id":"https:\/\/www.yys.cz\/author\/devene\/#Person","name":"devene","url":"https:\/\/www.yys.cz\/author\/devene\/","identifier":1,"image":{"@type":"ImageObject","@id":"https:\/\/secure.gravatar.com\/avatar\/13dbcc20b7c05fcb5c4a6b0bee5a7107a0aae9238a83a4088a42d170780b2eca?s=96&d=mm&r=g","url":"https:\/\/secure.gravatar.com\/avatar\/13dbcc20b7c05fcb5c4a6b0bee5a7107a0aae9238a83a4088a42d170780b2eca?s=96&d=mm&r=g","height":96,"width":96}},"publisher":{"@type":"Organization","name":"yys.cz","logo":{"@type":"ImageObject","@id":"\/logo.png","url":"\/logo.png","width":600,"height":60}},"image":{"@type":"ImageObject","@id":"https:\/\/www.yys.cz\/wp-content\/uploads\/kitchen-1078876_640_3.jpg","url":"https:\/\/www.yys.cz\/wp-content\/uploads\/kitchen-1078876_640_3.jpg","height":0,"width":0},"url":"https:\/\/www.yys.cz\/prace-v-domacnosti\/","about":["Dom\u00e1cnost"],"wordCount":470,"articleBody":"Pr\u00e1ce v dom\u00e1cnosti, to je v\u011bc, kterou ne ka\u017ed\u00fd m\u00e1 v\u00a0oblib\u011b. Ale t\u0159eba mn\u011b to nevad\u00ed a mus\u00edm \u0159\u00edct, \u017ee m\u011b to docela i bav\u00ed. Proto\u017ee m\u00e1m ve v\u0161em sv\u016fj \u0159\u00e1d a tak\u00e9 syst\u00e9m. Ka\u017edou m\u00edstnost ukl\u00edz\u00edm postupn\u011b a v\u00a0klidu a hlavn\u011b ka\u017ed\u00fd den ud\u011bl\u00e1m n\u011bco\u2026 T\u0159eba ne ka\u017ed\u00e9mu to m\u016f\u017ee vyhovovat, ale j\u00e1 to tak teda m\u00e1m. Zn\u00e1m spoustu lid\u00ed, kte\u0159\u00ed neradi ukl\u00edz\u00ed a d\u011blaj\u00ed pr\u00e1v\u011b tyto pr\u00e1ce v\u00a0dom\u00e1cnosti, ale up\u0159\u00edmn\u011b, jsou to lidi, kte\u0159\u00ed si nedaj\u00ed tu pr\u00e1ci to napoprv\u00e9 po\u0159\u00e1dn\u011b uklidit a pak to jen udr\u017eovat. Hlavn\u011b v\u0161echno rychle rychle, p\u0159ijdu z\u00a0n\u00e1kupu a nah\u00e1z\u00edm to do sk\u0159\u00edn\u011b apod.. To se mi opravdu nel\u00edb\u00ed a nediv\u00edm se, \u017ee takhle ten \u00faklid udr\u017eet nejde a jsou vlastn\u011b furt na za\u010d\u00e1tku.Jde o to, \u017ee kdy\u017e za\u0161pin\u00edm n\u00e1dob\u00ed, tak ho hned umyju, nebo ho d\u00e1m hned do my\u010dky. Ka\u017ed\u00fd den prost\u011b vysaju, ono to nezabere zase tolik \u010dasu. Podle m\u011b, kdy\u017e ka\u017ed\u00fd den tomu \u00faklidu v\u011bnujete 20-30 minut nic se nestane. Vlastn\u011b stane. Uvid\u00edte to na sv\u00e9 dom\u00e1cnosti, kter\u00e1 bude st\u00e1le hezky udr\u017een\u00e1 a uklizen\u00e1. Vlastn\u011b si \u0159ekn\u011bte, jak \u010dasto jste t\u0159eba na telefonu? Nebo kouk\u00e1te na televizi? J\u00e1 bych \u0159ekla, \u017ee ur\u010dit\u011b docela \u010dasto, \u017ee? Tak pro\u010d ten \u010das nev\u011bnovat aspo\u0148 chvilku va\u0161\u00ed dom\u00e1cnosti? P\u0159eci se v\u00e1m ur\u010dit\u011b bude l\u00e9pe \u017e\u00edt, kdy\u017e budete m\u00edt hezky uklizeno a tak\u00e9 budete m\u00edt v\u0161e na sv\u00e9m m\u00edst\u011b a nebudete furt v\u0161echno jako bl\u00e1zni hledat? To bude par\u00e1da! Sta\u010d\u00ed jen p\u00e1r krok\u016f \u2013 nejd\u0159\u00edv si vyt\u0159i\u010fte v\u011bci, kter\u00e9 v\u00a0dom\u00e1cnosti u\u017e nepot\u0159ebujete\u2026 kter\u00e9 skladujete, co kdyby jednou byly pot\u0159eba, a m\u00e1te je u\u017e n\u011bkolik let a stejn\u011b je nevyu\u017e\u00edv\u00e1te\u2026 Pot\u00e9 si dom\u00e1cnost hezky zorganizujte. V\u0161e aby m\u011blo svoje m\u00edsto, v\u0161e sv\u016fj \u0161upl\u00edk, svoji sk\u0159\u00ed\u0148ku a tam v\u00a0t\u011bch \u0161upl\u00edc\u00edch a sk\u0159\u00ed\u0148k\u00e1ch m\u016f\u017eete m\u00edt organiz\u00e9ry, ko\u0161\u00edky a po\u0159ada\u010de. Tito pomocn\u00ed\u010dci v\u00e1m opravdu usnadn\u00ed \u017eivot. No a potom p\u0159ich\u00e1z\u00ed ta nejt\u011b\u017e\u0161\u00ed \u010d\u00e1st pro n\u011bkoho a to je to udr\u017eovat\u2026 Jde o to, \u017ee lid\u00ed jsou moc rychl\u00ed a v\u0161e hned a rychle. V\u00a0klidu vyndejte ten n\u00e1kup a v\u011bci v\u00a0klidu ukli\u010fte. V\u00a0klidu a pe\u010dliv\u011b vysajte, kl\u00ed\u010de dejte na v\u011b\u0161\u00e1k apod.                                                                                                                                                                                                                                                                                                                                                                                        4.3\/5 - (6 votes)        "},{"@context":"https:\/\/schema.org\/","@type":"BreadcrumbList","itemListElement":[{"@type":"ListItem","position":1,"name":"Pr\u00e1ce v dom\u00e1cnosti","item":"https:\/\/www.yys.cz\/prace-v-domacnosti\/#breadcrumbitem"}]}]