[{"@context":"https:\/\/schema.org\/","@type":"Blog","@id":"https:\/\/www.yys.cz#Blog","headline":"Yys","description":"\nZkuste vyjmenovat, co byste v\u00a0\u017eivot\u011b z\u00edskali, co byste m\u011bli a vyu\u017e\u00edvali, kdyby nebylo ekonomiky a tedy pen\u011bz. Moc v\u011bc\u00ed a slu\u017eeb v\u00e1s nenapad\u00e1, \u017ee?","url":"https:\/\/www.yys.cz","hasPart":[{"@type":"Article","@id":"https:\/\/www.yys.cz\/vhodne-pro-vsechny\/","headline":"Vhodn\u00e9 pro v\u0161echny","url":"https:\/\/www.yys.cz\/vhodne-pro-vsechny\/","datePublished":"2025-07-31","dateModified":"2025-07-31","mainEntityOfPage":"https:\/\/www.yys.cz\/vhodne-pro-vsechny\/","author":{"@type":"Person","@id":"https:\/\/www.yys.cz\/author\/devene\/#Person","name":"devene","url":"https:\/\/www.yys.cz\/author\/devene\/","identifier":1,"image":{"@type":"ImageObject","@id":"https:\/\/secure.gravatar.com\/avatar\/13dbcc20b7c05fcb5c4a6b0bee5a7107a0aae9238a83a4088a42d170780b2eca?s=96&d=mm&r=g","url":"https:\/\/secure.gravatar.com\/avatar\/13dbcc20b7c05fcb5c4a6b0bee5a7107a0aae9238a83a4088a42d170780b2eca?s=96&d=mm&r=g","height":96,"width":96}},"publisher":{"@type":"Organization","name":"yys.cz","logo":{"@type":"ImageObject","@id":"\/logo.png","url":"\/logo.png","width":600,"height":60}},"image":null,"wordCount":234,"keywords":null},{"@type":"Article","@id":"https:\/\/www.yys.cz\/kam-si-jit-koupit-novy-automobil\/","headline":"Kam si j\u00edt koupit nov\u00fd automobil","url":"https:\/\/www.yys.cz\/kam-si-jit-koupit-novy-automobil\/","datePublished":"2025-07-25","dateModified":"2025-07-25","mainEntityOfPage":"https:\/\/www.yys.cz\/kam-si-jit-koupit-novy-automobil\/","author":{"@type":"Person","@id":"https:\/\/www.yys.cz\/author\/devene\/#Person","name":"devene","url":"https:\/\/www.yys.cz\/author\/devene\/","identifier":1,"image":{"@type":"ImageObject","@id":"https:\/\/secure.gravatar.com\/avatar\/13dbcc20b7c05fcb5c4a6b0bee5a7107a0aae9238a83a4088a42d170780b2eca?s=96&d=mm&r=g","url":"https:\/\/secure.gravatar.com\/avatar\/13dbcc20b7c05fcb5c4a6b0bee5a7107a0aae9238a83a4088a42d170780b2eca?s=96&d=mm&r=g","height":96,"width":96}},"publisher":{"@type":"Organization","name":"yys.cz","logo":{"@type":"ImageObject","@id":"\/logo.png","url":"\/logo.png","width":600,"height":60}},"image":null,"wordCount":213,"keywords":null},{"@type":"Article","@id":"https:\/\/www.yys.cz\/nesnesitelne-vedro\/","headline":"Nesnesiteln\u00e9 vedro","url":"https:\/\/www.yys.cz\/nesnesitelne-vedro\/","datePublished":"2025-07-19","dateModified":"2025-07-19","mainEntityOfPage":"https:\/\/www.yys.cz\/nesnesitelne-vedro\/","author":{"@type":"Person","@id":"https:\/\/www.yys.cz\/author\/devene\/#Person","name":"devene","url":"https:\/\/www.yys.cz\/author\/devene\/","identifier":1,"image":{"@type":"ImageObject","@id":"https:\/\/secure.gravatar.com\/avatar\/13dbcc20b7c05fcb5c4a6b0bee5a7107a0aae9238a83a4088a42d170780b2eca?s=96&d=mm&r=g","url":"https:\/\/secure.gravatar.com\/avatar\/13dbcc20b7c05fcb5c4a6b0bee5a7107a0aae9238a83a4088a42d170780b2eca?s=96&d=mm&r=g","height":96,"width":96}},"publisher":{"@type":"Organization","name":"yys.cz","logo":{"@type":"ImageObject","@id":"\/logo.png","url":"\/logo.png","width":600,"height":60}},"image":{"@type":"ImageObject","@id":"https:\/\/www.yys.cz\/wp-content\/uploads\/img_a300315_w2376_t1510437434.jpg","url":"https:\/\/www.yys.cz\/wp-content\/uploads\/img_a300315_w2376_t1510437434.jpg","height":0,"width":0},"wordCount":4490,"keywords":null},{"@type":"Article","@id":"https:\/\/www.yys.cz\/nase-obleceni-pro-volny-cas-vas-potesi\/","headline":"Na\u0161e oble\u010den\u00ed pro voln\u00fd \u010das v\u00e1s pot\u011b\u0161\u00ed","url":"https:\/\/www.yys.cz\/nase-obleceni-pro-volny-cas-vas-potesi\/","datePublished":"2025-07-18","dateModified":"2025-07-18","mainEntityOfPage":"https:\/\/www.yys.cz\/nase-obleceni-pro-volny-cas-vas-potesi\/","author":{"@type":"Person","@id":"https:\/\/www.yys.cz\/author\/devene\/#Person","name":"devene","url":"https:\/\/www.yys.cz\/author\/devene\/","identifier":1,"image":{"@type":"ImageObject","@id":"https:\/\/secure.gravatar.com\/avatar\/13dbcc20b7c05fcb5c4a6b0bee5a7107a0aae9238a83a4088a42d170780b2eca?s=96&d=mm&r=g","url":"https:\/\/secure.gravatar.com\/avatar\/13dbcc20b7c05fcb5c4a6b0bee5a7107a0aae9238a83a4088a42d170780b2eca?s=96&d=mm&r=g","height":96,"width":96}},"publisher":{"@type":"Organization","name":"yys.cz","logo":{"@type":"ImageObject","@id":"\/logo.png","url":"\/logo.png","width":600,"height":60}},"image":null,"wordCount":232,"keywords":null},{"@type":"Article","@id":"https:\/\/www.yys.cz\/vite-jak-byste-meli-spravne-pouzivat-svou-mycku-na-nadobi\/","headline":"V\u00edte, jak byste m\u011bli spr\u00e1vn\u011b pou\u017e\u00edvat svou my\u010dku na n\u00e1dob\u00ed?","url":"https:\/\/www.yys.cz\/vite-jak-byste-meli-spravne-pouzivat-svou-mycku-na-nadobi\/","datePublished":"2025-07-17","dateModified":"2025-07-17","mainEntityOfPage":"https:\/\/www.yys.cz\/vite-jak-byste-meli-spravne-pouzivat-svou-mycku-na-nadobi\/","author":{"@type":"Person","@id":"https:\/\/www.yys.cz\/author\/devene\/#Person","name":"devene","url":"https:\/\/www.yys.cz\/author\/devene\/","identifier":1,"image":{"@type":"ImageObject","@id":"https:\/\/secure.gravatar.com\/avatar\/13dbcc20b7c05fcb5c4a6b0bee5a7107a0aae9238a83a4088a42d170780b2eca?s=96&d=mm&r=g","url":"https:\/\/secure.gravatar.com\/avatar\/13dbcc20b7c05fcb5c4a6b0bee5a7107a0aae9238a83a4088a42d170780b2eca?s=96&d=mm&r=g","height":96,"width":96}},"publisher":{"@type":"Organization","name":"yys.cz","logo":{"@type":"ImageObject","@id":"\/logo.png","url":"\/logo.png","width":600,"height":60}},"image":{"@type":"ImageObject","@id":"https:\/\/www.yys.cz\/wp-content\/uploads\/img_a290155_w2180_t1502267022.jpg","url":"https:\/\/www.yys.cz\/wp-content\/uploads\/img_a290155_w2180_t1502267022.jpg","height":0,"width":0},"wordCount":540,"keywords":null},{"@type":"Article","@id":"https:\/\/www.yys.cz\/optimalni-regulace-vlhkosti\/","headline":"Optim\u00e1ln\u00ed regulace vlhkosti","url":"https:\/\/www.yys.cz\/optimalni-regulace-vlhkosti\/","datePublished":"2025-07-13","dateModified":"2025-07-13","mainEntityOfPage":"https:\/\/www.yys.cz\/optimalni-regulace-vlhkosti\/","author":{"@type":"Person","@id":"https:\/\/www.yys.cz\/author\/devene\/#Person","name":"devene","url":"https:\/\/www.yys.cz\/author\/devene\/","identifier":1,"image":{"@type":"ImageObject","@id":"https:\/\/secure.gravatar.com\/avatar\/13dbcc20b7c05fcb5c4a6b0bee5a7107a0aae9238a83a4088a42d170780b2eca?s=96&d=mm&r=g","url":"https:\/\/secure.gravatar.com\/avatar\/13dbcc20b7c05fcb5c4a6b0bee5a7107a0aae9238a83a4088a42d170780b2eca?s=96&d=mm&r=g","height":96,"width":96}},"publisher":{"@type":"Organization","name":"yys.cz","logo":{"@type":"ImageObject","@id":"\/logo.png","url":"\/logo.png","width":600,"height":60}},"image":null,"wordCount":197,"keywords":null},{"@type":"Article","@id":"https:\/\/www.yys.cz\/do-pokoju-pro-vase-ratolesti\/","headline":"Do pokoj\u016f pro va\u0161e ratolesti","url":"https:\/\/www.yys.cz\/do-pokoju-pro-vase-ratolesti\/","datePublished":"2025-07-06","dateModified":"2025-07-06","mainEntityOfPage":"https:\/\/www.yys.cz\/do-pokoju-pro-vase-ratolesti\/","author":{"@type":"Person","@id":"https:\/\/www.yys.cz\/author\/devene\/#Person","name":"devene","url":"https:\/\/www.yys.cz\/author\/devene\/","identifier":1,"image":{"@type":"ImageObject","@id":"https:\/\/secure.gravatar.com\/avatar\/13dbcc20b7c05fcb5c4a6b0bee5a7107a0aae9238a83a4088a42d170780b2eca?s=96&d=mm&r=g","url":"https:\/\/secure.gravatar.com\/avatar\/13dbcc20b7c05fcb5c4a6b0bee5a7107a0aae9238a83a4088a42d170780b2eca?s=96&d=mm&r=g","height":96,"width":96}},"publisher":{"@type":"Organization","name":"yys.cz","logo":{"@type":"ImageObject","@id":"\/logo.png","url":"\/logo.png","width":600,"height":60}},"image":null,"wordCount":199,"keywords":null},{"@type":"Article","@id":"https:\/\/www.yys.cz\/moderni-a-kvalitni-vybaveni-do-vasich-domu\/","headline":"Modern\u00ed a kvalitn\u00ed vybaven\u00ed do va\u0161ich dom\u016f","url":"https:\/\/www.yys.cz\/moderni-a-kvalitni-vybaveni-do-vasich-domu\/","datePublished":"2025-06-29","dateModified":"2025-06-29","mainEntityOfPage":"https:\/\/www.yys.cz\/moderni-a-kvalitni-vybaveni-do-vasich-domu\/","author":{"@type":"Person","@id":"https:\/\/www.yys.cz\/author\/devene\/#Person","name":"devene","url":"https:\/\/www.yys.cz\/author\/devene\/","identifier":1,"image":{"@type":"ImageObject","@id":"https:\/\/secure.gravatar.com\/avatar\/13dbcc20b7c05fcb5c4a6b0bee5a7107a0aae9238a83a4088a42d170780b2eca?s=96&d=mm&r=g","url":"https:\/\/secure.gravatar.com\/avatar\/13dbcc20b7c05fcb5c4a6b0bee5a7107a0aae9238a83a4088a42d170780b2eca?s=96&d=mm&r=g","height":96,"width":96}},"publisher":{"@type":"Organization","name":"yys.cz","logo":{"@type":"ImageObject","@id":"\/logo.png","url":"\/logo.png","width":600,"height":60}},"image":null,"wordCount":193,"keywords":null},{"@type":"Article","@id":"https:\/\/www.yys.cz\/radikalni-reseni\/","headline":"Radik\u00e1ln\u00ed \u0159e\u0161en\u00ed","url":"https:\/\/www.yys.cz\/radikalni-reseni\/","datePublished":"2025-06-23","dateModified":"2025-06-23","mainEntityOfPage":"https:\/\/www.yys.cz\/radikalni-reseni\/","author":{"@type":"Person","@id":"https:\/\/www.yys.cz\/author\/devene\/#Person","name":"devene","url":"https:\/\/www.yys.cz\/author\/devene\/","identifier":1,"image":{"@type":"ImageObject","@id":"https:\/\/secure.gravatar.com\/avatar\/13dbcc20b7c05fcb5c4a6b0bee5a7107a0aae9238a83a4088a42d170780b2eca?s=96&d=mm&r=g","url":"https:\/\/secure.gravatar.com\/avatar\/13dbcc20b7c05fcb5c4a6b0bee5a7107a0aae9238a83a4088a42d170780b2eca?s=96&d=mm&r=g","height":96,"width":96}},"publisher":{"@type":"Organization","name":"yys.cz","logo":{"@type":"ImageObject","@id":"\/logo.png","url":"\/logo.png","width":600,"height":60}},"image":null,"wordCount":269,"keywords":null},{"@type":"Article","@id":"https:\/\/www.yys.cz\/syry\/","headline":"S\u00fdry","url":"https:\/\/www.yys.cz\/syry\/","datePublished":"2025-06-16","dateModified":"2025-06-16","mainEntityOfPage":"https:\/\/www.yys.cz\/syry\/","author":{"@type":"Person","@id":"https:\/\/www.yys.cz\/author\/devene\/#Person","name":"devene","url":"https:\/\/www.yys.cz\/author\/devene\/","identifier":1,"image":{"@type":"ImageObject","@id":"https:\/\/secure.gravatar.com\/avatar\/13dbcc20b7c05fcb5c4a6b0bee5a7107a0aae9238a83a4088a42d170780b2eca?s=96&d=mm&r=g","url":"https:\/\/secure.gravatar.com\/avatar\/13dbcc20b7c05fcb5c4a6b0bee5a7107a0aae9238a83a4088a42d170780b2eca?s=96&d=mm&r=g","height":96,"width":96}},"publisher":{"@type":"Organization","name":"yys.cz","logo":{"@type":"ImageObject","@id":"\/logo.png","url":"\/logo.png","width":600,"height":60}},"image":null,"wordCount":238,"keywords":null}]},{"@context":"https:\/\/schema.org","@type":"WebSite","@id":"https:\/\/www.yys.cz\/#website","name":"Yys","url":"https:\/\/www.yys.cz","potentialAction":{"@type":"SearchAction","target":"https:\/\/www.yys.cz\/?s={search_term_string}","query-input":"required name=search_term_string"}}]