[{"@context":"https:\/\/schema.org\/","@type":"Article","@id":"https:\/\/www.yys.cz\/modre-svetlo-z-obrazovek-nas-nezastavi\/#Article","mainEntityOfPage":"https:\/\/www.yys.cz\/modre-svetlo-z-obrazovek-nas-nezastavi\/","headline":"Modr\u00e9 sv\u011btlo z obrazovek n\u00e1s nezastav\u00ed","name":"Modr\u00e9 sv\u011btlo z obrazovek n\u00e1s nezastav\u00ed","description":"Pro\u010d n\u00e1m obrazovky \u0161kod\u00ed? Neust\u00e1l\u00fdm kouk\u00e1n\u00edm do obrazovky se n\u00e1m zrak unavuje. O\u010di jsou pak rud\u00e9 a such\u00e9, vyvrcholit to m\u016f\u017ee syndromem such\u00e9ho oka. Z toho n\u00e1m mohou tr\u00e1pit \u010dast\u00e9 migr\u00e9ny hlavy, kter\u00e9 snadno p\u0159ejdou a\u017e do migr\u00e9n. Dal\u0161\u00ed probl\u00e9m, kter\u00fd n\u00e1m m\u016f\u017ee znesnadnit \u017eivot je nespavost a probl\u00e9m s us\u00edn\u00e1n\u00edm. Co je n\u00e1\u0161 hlavn\u00ed [&hellip;]","datePublished":"2022-08-19","dateModified":"2023-05-02","author":{"@type":"Person","@id":"https:\/\/www.yys.cz\/author\/devene\/#Person","name":"devene","url":"https:\/\/www.yys.cz\/author\/devene\/","identifier":1,"image":{"@type":"ImageObject","@id":"https:\/\/secure.gravatar.com\/avatar\/13dbcc20b7c05fcb5c4a6b0bee5a7107a0aae9238a83a4088a42d170780b2eca?s=96&d=mm&r=g","url":"https:\/\/secure.gravatar.com\/avatar\/13dbcc20b7c05fcb5c4a6b0bee5a7107a0aae9238a83a4088a42d170780b2eca?s=96&d=mm&r=g","height":96,"width":96}},"publisher":{"@type":"Organization","name":"yys.cz","logo":{"@type":"ImageObject","@id":"\/logo.png","url":"\/logo.png","width":600,"height":60}},"image":{"@type":"ImageObject","@id":"https:\/\/www.yys.cz\/wp-content\/uploads\/oko.png","url":"https:\/\/www.yys.cz\/wp-content\/uploads\/oko.png","height":0,"width":0},"url":"https:\/\/www.yys.cz\/modre-svetlo-z-obrazovek-nas-nezastavi\/","about":["Zbo\u017e\u00ed"],"wordCount":454,"articleBody":"            Pro\u010d n\u00e1m obrazovky \u0161kod\u00ed?Neust\u00e1l\u00fdm kouk\u00e1n\u00edm do obrazovky se n\u00e1m zrak unavuje. O\u010di jsou pak rud\u00e9 a such\u00e9, vyvrcholit to m\u016f\u017ee syndromem such\u00e9ho oka. Z toho n\u00e1m mohou tr\u00e1pit \u010dast\u00e9 migr\u00e9ny hlavy, kter\u00e9 snadno p\u0159ejdou a\u017e do migr\u00e9n. Dal\u0161\u00ed probl\u00e9m, kter\u00fd n\u00e1m m\u016f\u017ee znesnadnit \u017eivot je nespavost a probl\u00e9m s us\u00edn\u00e1n\u00edm. Co je n\u00e1\u0161 hlavn\u00ed nep\u0159\u00edtel? Modr\u00e9 sv\u011btlo, kter\u00e9 jsou p\u0159irozenou sou\u010d\u00e1st\u00ed obrazovek a z\u00e1rove\u0148 jsou d\u016fvod na\u0161ich zdravotn\u00edch probl\u00e9m\u016f. Jak proti tomu bojovat? Nejoby\u010dejn\u011bj\u0161\u00ed \u0159e\u0161en\u00ed je omezit obrazovky. Snadn\u00e9 a jednoduch\u00e9 \u0159e\u0161en\u00ed. Ano, ano v\u00edm. Snadno se to \u0159ekne, t\u011b\u017eko ud\u011bl\u00e1. Ch\u00e1pu, \u017ee n\u011bkte\u0159\u00ed nemohou jen tak omezit digit\u00e1ln\u00ed \u010d\u00e1st na\u0161ich \u017eivot\u016f. Pro n\u011bkter\u00e9 je to sou\u010d\u00e1st\u00ed jejich zam\u011bstn\u00e1n\u00ed. Existuje alternativn\u00ed \u0159e\u0161en\u00ed. Br\u00fdle proti modr\u00e9mu sv\u011btlu.O co se jedn\u00e1?Br\u00fdle, kter\u00e9 se nos\u00ed p\u0159i pr\u00e1ci na po\u010d\u00edta\u010di, tabletu nebo telefonu. Sni\u017euj\u00ed z\u00e1\u0159en\u00ed modr\u00e9ho sv\u011btla z obrazovek, \u010d\u00edm\u017e z\u00e1sadn\u011b sni\u017euj\u00ed negativn\u00ed vlivy na lidsk\u00e9 zdrav\u00ed. Lid\u00e9 s dioptrick\u00fdmi br\u00fdlemi m\u00edvaj\u00ed filtr proti modr\u00e9mu sv\u011btlu ji\u017e zabudovan\u00fd v br\u00fdl\u00edch. Tyto br\u00fdle proti modr\u00e9mu sv\u011btlu jsou prim\u00e1rn\u011b ur\u010deny lidem bez o\u010dn\u00ed vady. V \u010dem je kouzlo? Skla br\u00fdl\u00ed jsou opat\u0159ena ochrann\u00fdm filmem s n\u00e1zvem Blue control. Kter\u00e9mu vd\u011b\u010d\u00edme za absorpci modr\u00e9ho sv\u011btla a z\u00e1rove\u0148 napom\u00e1h\u00e1 zvy\u0161ovat \u010dernou hloubku na monitoru. \u017de jste o br\u00fdl\u00edch doposud nesly\u0161eli? Jedn\u00e1 se toti\u017e o novinko na \u010desk\u00e9m trhu. Kde se daj\u00ed sehnat?Nejlep\u0161\u00ed br\u00fdle proti modr\u00e9mu sv\u011btlu https:\/\/luxbryle.cz\/cs\/36-proti-modremu-svetlu jsou z akreditovan\u00fdch e-shop\u016f, jako nap\u0159\u00edklad luxbr\u00fdle.cz. Mezi dal\u0161\u00ed benefity tohoto praktick\u00e9ho dopl\u0148ku je jeho m\u00f3dn\u00ed stylovost. Nemus\u00edte se ob\u00e1vat o\u0161kliv\u00e9ho a nevzhledn\u00e9ho designu. Br\u00fdle proti modr\u00e9mu sv\u011btlu se vyr\u00e1b\u011bj\u00ed v mnoha verz\u00edch a stylech. Naru\u0161en\u00ed na\u0161eho osobn\u00edho vzhledu se b\u00e1t nemus\u00edte. Pro koho jsou ur\u010deny?V\u0160EM. Pro \u017eeny i mu\u017ee bez ohledu na v\u011bk a dal\u0161\u00ed aspekty. Br\u00fdle proti modr\u00e9mu sv\u011btlu jsou opravdu skv\u011bl\u00fd pomocn\u00edk a ochrana na\u0161eho zdrav\u00ed. Nenech\u00e1vejte si tajemstv\u00ed ochrany o\u010d\u00ed pro sebe a obdaruje sv\u00e9 okol\u00ed. Br\u00fdle jsou ide\u00e1ln\u00ed jako praktick\u00fd d\u00e1rek, pro n\u011bkoho, kdo se jen tak od obrazovek neodtrhne.                                                                                                                                                                                                                                                                                                                                                                                           3.6\/5 - (7 votes)        "},{"@context":"https:\/\/schema.org\/","@type":"BreadcrumbList","itemListElement":[{"@type":"ListItem","position":1,"name":"Modr\u00e9 sv\u011btlo z obrazovek n\u00e1s nezastav\u00ed","item":"https:\/\/www.yys.cz\/modre-svetlo-z-obrazovek-nas-nezastavi\/#breadcrumbitem"}]}]