[{"@context":"https:\/\/schema.org\/","@type":"Article","@id":"https:\/\/www.yys.cz\/jezdite-na-vlastni-pohon\/#Article","mainEntityOfPage":"https:\/\/www.yys.cz\/jezdite-na-vlastni-pohon\/","headline":"Jezd\u00edte na vlastn\u00ed pohon","name":"Jezd\u00edte na vlastn\u00ed pohon","description":"Horsk\u00e1 kola, tak to je va\u0161e v\u00e1\u0161e\u0148. Spolu s\u00a0man\u017eelkou nevynech\u00e1te jedinou p\u0159\u00edle\u017eitost, kdy se na kole m\u016f\u017eete projet a po\u0159\u00e1dn\u011b si prot\u00e1hnout t\u011blo, a\u0165 je to v\u00a0okol\u00ed va\u0161eho bydli\u0161t\u011b anebo n\u011bkde mnohem d\u00e1l. A nav\u00edc, v\u0161echno, co se kon\u00e1 v\u00a0okruhu dvaceti kilometr\u016f od va\u0161\u00ed obce je vlastn\u011b jako za humny, co by kamenem dohodil, tak\u017ee [&hellip;]","datePublished":"2024-11-04","dateModified":"2024-11-04","author":{"@type":"Person","@id":"https:\/\/www.yys.cz\/author\/devene\/#Person","name":"devene","url":"https:\/\/www.yys.cz\/author\/devene\/","identifier":1,"image":{"@type":"ImageObject","@id":"https:\/\/secure.gravatar.com\/avatar\/13dbcc20b7c05fcb5c4a6b0bee5a7107a0aae9238a83a4088a42d170780b2eca?s=96&d=mm&r=g","url":"https:\/\/secure.gravatar.com\/avatar\/13dbcc20b7c05fcb5c4a6b0bee5a7107a0aae9238a83a4088a42d170780b2eca?s=96&d=mm&r=g","height":96,"width":96}},"publisher":{"@type":"Organization","name":"yys.cz","logo":{"@type":"ImageObject","@id":"\/logo.png","url":"\/logo.png","width":600,"height":60}},"url":"https:\/\/www.yys.cz\/jezdite-na-vlastni-pohon\/","wordCount":259,"articleBody":"\tHorsk\u00e1 kola, tak to je va\u0161e v\u00e1\u0161e\u0148. Spolu s\u00a0man\u017eelkou nevynech\u00e1te jedinou p\u0159\u00edle\u017eitost, kdy se na kole m\u016f\u017eete projet a po\u0159\u00e1dn\u011b si prot\u00e1hnout t\u011blo, a\u0165 je to v\u00a0okol\u00ed va\u0161eho bydli\u0161t\u011b anebo n\u011bkde mnohem d\u00e1l. A nav\u00edc, v\u0161echno, co se kon\u00e1 v\u00a0okruhu dvaceti kilometr\u016f od va\u0161\u00ed obce je vlastn\u011b jako za humny, co by kamenem dohodil, tak\u017ee na takov\u00e9 vzd\u00e1lenosti u\u017e ani nevytahujete automobil a jezd\u00edte tam na sv\u016fj vlastn\u00ed pohon na kole. Jednak tak ud\u011bl\u00e1te n\u011bco pro sv\u00e9 zdrav\u00ed a za druh\u00e9 tak u\u0161et\u0159\u00edte nem\u00e1lo pen\u011bz za benz\u00edn.\tPoka\u017ed\u00e9 n\u011bco vylep\u0161\u00edteA ka\u017ed\u00fd rok se sna\u017e\u00edte ten sv\u016fj kon\u00ed\u010dek je\u0161t\u011b trochu zdokonalit tak, abyste si ho u\u017e\u00edvali, co to jen jde. U\u017e jste si po\u0159\u00eddili r\u016fznou v\u00fdstroj a r\u016fzn\u00e9 dopl\u0148ky a zlep\u0161ov\u00e1ky na va\u0161e kola a nyn\u00ed se chyst\u00e1te zlep\u0161it sv\u016fj \u0161atn\u00edk. Nap\u0159\u00edklad v\u00e1m v\u00a0n\u011bm st\u00e1le chyb\u00ed kvalitn\u00ed cyklodresy, no a kdy\u017e u\u017e je budete objedn\u00e1vat, tak si je hned objedn\u00e1te sv\u00fdm postav\u00e1m na m\u00edru a s\u00a0origin\u00e1ln\u00edm designov\u00fdm potiskem, ze kter\u00e9ho bude na prvn\u00ed pohled patrn\u00e9, \u017ee vy dva pat\u0159\u00edte k\u00a0sob\u011b. U\u017e jste jednou takto oble\u010den\u00fd p\u00e1r vid\u011bli a moc se v\u00e1m to l\u00edbilo.                                                                                                                                                                                                                                                                                                                                                                                        4\/5 - (4 votes)        "},{"@context":"https:\/\/schema.org\/","@type":"BreadcrumbList","itemListElement":[{"@type":"ListItem","position":1,"name":"Jezd\u00edte na vlastn\u00ed pohon","item":"https:\/\/www.yys.cz\/jezdite-na-vlastni-pohon\/#breadcrumbitem"}]}]