[{"@context":"https:\/\/schema.org\/","@type":"Article","@id":"https:\/\/www.yys.cz\/hadanka-pro-bystre-hlavy\/#Article","mainEntityOfPage":"https:\/\/www.yys.cz\/hadanka-pro-bystre-hlavy\/","headline":"H\u00e1danka pro bystr\u00e9 hlavy","name":"H\u00e1danka pro bystr\u00e9 hlavy","description":"Nu\u017ee, toto zv\u00ed\u0159e je je\u0161t\u011b v\u011brn\u011bj\u0161\u00ed ne\u017e pes. Bude v\u00e1s doprov\u00e1zet a\u017e na \u0161ibenici a ani po va\u0161\u00ed smrti v\u00e1s neopust\u00ed. A nyn\u00ed m\u016f\u017eete h\u00e1dat. Dal\u0161\u00ed n\u00e1pov\u011bda je ji\u017e jen pro ty slab\u0161\u00ed v h\u00e1dank\u00e1ch. Tento \u017eivo\u010dich m\u00e1 \u0161est nohou a dok\u00e1\u017ee dosko\u010dit d\u00e1le a\u017e dv\u011bst\u011b kr\u00e1t, ne\u017e je samo. To u\u017e je co \u0159\u00edci. [&hellip;]","datePublished":"2024-11-27","dateModified":"2024-11-27","author":{"@type":"Person","@id":"https:\/\/www.yys.cz\/author\/devene\/#Person","name":"devene","url":"https:\/\/www.yys.cz\/author\/devene\/","identifier":1,"image":{"@type":"ImageObject","@id":"https:\/\/secure.gravatar.com\/avatar\/13dbcc20b7c05fcb5c4a6b0bee5a7107a0aae9238a83a4088a42d170780b2eca?s=96&d=mm&r=g","url":"https:\/\/secure.gravatar.com\/avatar\/13dbcc20b7c05fcb5c4a6b0bee5a7107a0aae9238a83a4088a42d170780b2eca?s=96&d=mm&r=g","height":96,"width":96}},"publisher":{"@type":"Organization","name":"yys.cz","logo":{"@type":"ImageObject","@id":"\/logo.png","url":"\/logo.png","width":600,"height":60}},"image":{"@type":"ImageObject","@id":"https:\/\/www.yys.cz\/wp-content\/uploads\/dog-1559746_640_1.jpg","url":"https:\/\/www.yys.cz\/wp-content\/uploads\/dog-1559746_640_1.jpg","height":0,"width":0},"url":"https:\/\/www.yys.cz\/hadanka-pro-bystre-hlavy\/","about":["Byznys"],"wordCount":436,"articleBody":"       Nu\u017ee, toto zv\u00ed\u0159e je je\u0161t\u011b v\u011brn\u011bj\u0161\u00ed ne\u017e pes. Bude v\u00e1s doprov\u00e1zet a\u017e na \u0161ibenici a ani po va\u0161\u00ed smrti v\u00e1s neopust\u00ed. A nyn\u00ed m\u016f\u017eete h\u00e1dat. Dal\u0161\u00ed n\u00e1pov\u011bda je ji\u017e jen pro ty slab\u0161\u00ed v h\u00e1dank\u00e1ch. Tento \u017eivo\u010dich m\u00e1 \u0161est nohou a dok\u00e1\u017ee dosko\u010dit d\u00e1le a\u017e dv\u011bst\u011b kr\u00e1t, ne\u017e je samo. To u\u017e je co \u0159\u00edci. To je n\u011bco jako by b\u011b\u017en\u011b vysok\u00fd \u010dlov\u011bk jen tak bez ni\u010deho hupsnul t\u0159eba p\u0159es t\u0159i sta metr\u016f. J\u016f\u016f\u016f, to by byla v\u011bc. Ale \u010dlov\u011bk to nedok\u00e1\u017ee. Kde\u017eto onen \u017eivo\u010dich ano. Stejn\u011b ji\u017e v\u00edte, o koho jde, tak\u017ee budeme naz\u00fdvat v\u011bci prav\u00fdmi jm\u00e9ny. Ano je to blecha. Jist\u011b jste to uhodli. Tento \u010dlenovec, do kter\u00e9ho kmene se tato v\u011brn\u00e1 potv\u016frka \u0159ad\u00ed je hodn\u011b nemil\u00fd host. A kdy\u017e se n\u011bkde p\u0159emno\u017e\u00ed, je z toho velk\u00fd pr\u016f\u0161vih. Ony toti\u017e tyto mr\u0161ky dok\u00e1\u017e\u00ed p\u0159en\u00e1\u0161et r\u016fzn\u00e9 nemoci. U\u017e proto je nikdo nem\u00e1 r\u00e1d, u\u017e proto je doma ani nikde jinde nechce. Pokud m\u00e1te ps\u00edka a ten se potuluje n\u011bkde v parku, m\u016f\u017ee klidn\u011b takovou potv\u016frku p\u0159in\u00e9st dom\u016f. Sta\u010d\u00ed kdy\u017e bude honit t\u0159eba veverku a dostanou se k sob\u011b moc bl\u00edzko. Ble\u0161ka ud\u011bl\u00e1 hop a hup a u\u017e je u pejska. Pokud m\u00e1 \u010dernou srst, budete ji jen t\u011b\u017eko hledat a pokud tam mr\u0161ka za\u010dne plodit, tak se sm\u00edchy neudr\u017e\u00edte.Budete muset r\u00e1zn\u011b zakro\u010dit. Pokud se v\u00e1m dostanou jinde mimo pelech, jste zral\u00ed na to pozvat si odborn\u00edka. V\u011b\u0159te, \u017ee huben\u00ed blech nen\u00ed \u017e\u00e1dn\u00e1 mali\u010dkost a ten \u010dlov\u011bk, kter\u00fd k v\u00e1m p\u0159ijde m\u00e1 znalosti a tak\u00e9 zku\u0161enosti, co\u017e vy nem\u00e1te. A on m\u00e1 tak\u00e9 velmi \u00fa\u010dinn\u00e9 prost\u0159edky, kter\u00fdmi nad\u011bl\u00e1 mezi t\u011bmito nezvan\u00fdmi obyvateli va\u0161eho p\u0159\u00edbytku takov\u00fd zmatek a hr\u016fzu, \u017ee jich moc nep\u0159e\u017eije. V\u011bt\u0161inou nikdo, ale m\u016f\u017ee se st\u00e1t, \u017ee napoprv\u00e9 n\u011bkte\u0159\u00ed jedinci uniknou. Proto mus\u00ed t\u00fd\u017e mu\u017e p\u0159ij\u00edt podruh\u00e9. V\u011bt\u0161inou chod\u00ed stejn\u011b, tak jako tak, proto\u017ee druh\u00fd z\u00e1sah ji\u017e jen pro jistotu potvrd\u00ed t\u011bmto nemil\u00fdm tvor\u016fm, \u017ee zde skute\u010dn\u011b nejdou v\u00edtan\u00fdmi hosty a mus\u00ed na byt a stravu n\u011bkam jinam. A vy m\u00e1te r\u00e1zem pokoj a klid.                                                                                                                                                                                                                                                                                                                                                                                           3.6\/5 - (5 votes)        "},{"@context":"https:\/\/schema.org\/","@type":"BreadcrumbList","itemListElement":[{"@type":"ListItem","position":1,"name":"H\u00e1danka pro bystr\u00e9 hlavy","item":"https:\/\/www.yys.cz\/hadanka-pro-bystre-hlavy\/#breadcrumbitem"}]}]