{"@context":"https:\/\/schema.org\/","@type":"CollectionPage","@id":"https:\/\/www.yys.cz\/domacnost\/#CollectionPage","headline":"Dom\u00e1cnost Category","description":"","url":"https:\/\/www.yys.cz\/domacnost\/","hasPart":[{"@type":"Article","@id":"https:\/\/www.yys.cz\/prace-v-domacnosti\/","headline":"Pr\u00e1ce v dom\u00e1cnosti","url":"https:\/\/www.yys.cz\/prace-v-domacnosti\/","datePublished":"2024-04-29","dateModified":"2024-04-29","mainEntityOfPage":"https:\/\/www.yys.cz\/prace-v-domacnosti\/","author":{"@type":"Person","@id":"https:\/\/www.yys.cz\/author\/devene\/#Person","name":"devene","url":"https:\/\/www.yys.cz\/author\/devene\/","identifier":1,"image":{"@type":"ImageObject","@id":"https:\/\/secure.gravatar.com\/avatar\/13dbcc20b7c05fcb5c4a6b0bee5a7107a0aae9238a83a4088a42d170780b2eca?s=96&d=mm&r=g","url":"https:\/\/secure.gravatar.com\/avatar\/13dbcc20b7c05fcb5c4a6b0bee5a7107a0aae9238a83a4088a42d170780b2eca?s=96&d=mm&r=g","height":96,"width":96}},"publisher":{"@type":"Organization","name":"yys.cz","logo":{"@type":"ImageObject","@id":"\/logo.png","url":"\/logo.png","width":600,"height":60}},"image":{"@type":"ImageObject","@id":"https:\/\/www.yys.cz\/wp-content\/uploads\/kitchen-1078876_640_3.jpg","url":"https:\/\/www.yys.cz\/wp-content\/uploads\/kitchen-1078876_640_3.jpg","height":0,"width":0},"keywords":null},{"@type":"Article","@id":"https:\/\/www.yys.cz\/vsechno-v-poradku\/","headline":"V\u0161echno v po\u0159\u00e1dku?","url":"https:\/\/www.yys.cz\/vsechno-v-poradku\/","datePublished":"2024-03-29","dateModified":"2024-03-29","mainEntityOfPage":"https:\/\/www.yys.cz\/vsechno-v-poradku\/","author":{"@type":"Person","@id":"https:\/\/www.yys.cz\/author\/devene\/#Person","name":"devene","url":"https:\/\/www.yys.cz\/author\/devene\/","identifier":1,"image":{"@type":"ImageObject","@id":"https:\/\/secure.gravatar.com\/avatar\/13dbcc20b7c05fcb5c4a6b0bee5a7107a0aae9238a83a4088a42d170780b2eca?s=96&d=mm&r=g","url":"https:\/\/secure.gravatar.com\/avatar\/13dbcc20b7c05fcb5c4a6b0bee5a7107a0aae9238a83a4088a42d170780b2eca?s=96&d=mm&r=g","height":96,"width":96}},"publisher":{"@type":"Organization","name":"yys.cz","logo":{"@type":"ImageObject","@id":"\/logo.png","url":"\/logo.png","width":600,"height":60}},"image":{"@type":"ImageObject","@id":"https:\/\/www.yys.cz\/wp-content\/uploads\/ai-generated-8592944_640.png","url":"https:\/\/www.yys.cz\/wp-content\/uploads\/ai-generated-8592944_640.png","height":0,"width":0},"keywords":null},{"@type":"Article","@id":"https:\/\/www.yys.cz\/pece-o-domacnost-nemusi-byt-drina\/","headline":"P\u00e9\u010de o dom\u00e1cnost nemus\u00ed b\u00fdt d\u0159ina","url":"https:\/\/www.yys.cz\/pece-o-domacnost-nemusi-byt-drina\/","datePublished":"2023-11-08","dateModified":"2024-01-08","mainEntityOfPage":"https:\/\/www.yys.cz\/pece-o-domacnost-nemusi-byt-drina\/","author":{"@type":"Person","@id":"https:\/\/www.yys.cz\/author\/devene\/#Person","name":"devene","url":"https:\/\/www.yys.cz\/author\/devene\/","identifier":1,"image":{"@type":"ImageObject","@id":"https:\/\/secure.gravatar.com\/avatar\/13dbcc20b7c05fcb5c4a6b0bee5a7107a0aae9238a83a4088a42d170780b2eca?s=96&d=mm&r=g","url":"https:\/\/secure.gravatar.com\/avatar\/13dbcc20b7c05fcb5c4a6b0bee5a7107a0aae9238a83a4088a42d170780b2eca?s=96&d=mm&r=g","height":96,"width":96}},"publisher":{"@type":"Organization","name":"yys.cz","logo":{"@type":"ImageObject","@id":"\/logo.png","url":"\/logo.png","width":600,"height":60}},"image":{"@type":"ImageObject","@id":"https:\/\/www.yys.cz\/wp-content\/uploads\/cleaning-4098410_640_10_10_8.jpg","url":"https:\/\/www.yys.cz\/wp-content\/uploads\/cleaning-4098410_640_10_10_8.jpg","height":0,"width":0},"keywords":null},{"@type":"Article","@id":"https:\/\/www.yys.cz\/proc-i-dnes-rozdelujeme-domaci-prace-na-muzske-a-zenske\/","headline":"Pro\u010d i dnes rozd\u011blujeme dom\u00e1c\u00ed pr\u00e1ce na mu\u017esk\u00e9 a \u017eensk\u00e9","url":"https:\/\/www.yys.cz\/proc-i-dnes-rozdelujeme-domaci-prace-na-muzske-a-zenske\/","datePublished":"2023-07-20","dateModified":"2024-05-20","mainEntityOfPage":"https:\/\/www.yys.cz\/proc-i-dnes-rozdelujeme-domaci-prace-na-muzske-a-zenske\/","author":{"@type":"Person","@id":"https:\/\/www.yys.cz\/author\/devene\/#Person","name":"devene","url":"https:\/\/www.yys.cz\/author\/devene\/","identifier":1,"image":{"@type":"ImageObject","@id":"https:\/\/secure.gravatar.com\/avatar\/13dbcc20b7c05fcb5c4a6b0bee5a7107a0aae9238a83a4088a42d170780b2eca?s=96&d=mm&r=g","url":"https:\/\/secure.gravatar.com\/avatar\/13dbcc20b7c05fcb5c4a6b0bee5a7107a0aae9238a83a4088a42d170780b2eca?s=96&d=mm&r=g","height":96,"width":96}},"publisher":{"@type":"Organization","name":"yys.cz","logo":{"@type":"ImageObject","@id":"\/logo.png","url":"\/logo.png","width":600,"height":60}},"image":{"@type":"ImageObject","@id":"https:\/\/www.yys.cz\/wp-content\/uploads\/domacnost1_3.jpg","url":"https:\/\/www.yys.cz\/wp-content\/uploads\/domacnost1_3.jpg","height":0,"width":0},"keywords":null},{"@type":"Article","@id":"https:\/\/www.yys.cz\/a-to-do-vlastniho-bydleni\/","headline":"A to do vlastn\u00edho bydlen\u00ed","url":"https:\/\/www.yys.cz\/a-to-do-vlastniho-bydleni\/","datePublished":"2022-08-22","dateModified":"2023-05-02","mainEntityOfPage":"https:\/\/www.yys.cz\/a-to-do-vlastniho-bydleni\/","author":{"@type":"Person","@id":"https:\/\/www.yys.cz\/author\/devene\/#Person","name":"devene","url":"https:\/\/www.yys.cz\/author\/devene\/","identifier":1,"image":{"@type":"ImageObject","@id":"https:\/\/secure.gravatar.com\/avatar\/13dbcc20b7c05fcb5c4a6b0bee5a7107a0aae9238a83a4088a42d170780b2eca?s=96&d=mm&r=g","url":"https:\/\/secure.gravatar.com\/avatar\/13dbcc20b7c05fcb5c4a6b0bee5a7107a0aae9238a83a4088a42d170780b2eca?s=96&d=mm&r=g","height":96,"width":96}},"publisher":{"@type":"Organization","name":"yys.cz","logo":{"@type":"ImageObject","@id":"\/logo.png","url":"\/logo.png","width":600,"height":60}},"image":{"@type":"ImageObject","@id":"https:\/\/www.yys.cz\/wp-content\/uploads\/firemn%C3%AD%20porada_3.jpg","url":"https:\/\/www.yys.cz\/wp-content\/uploads\/firemn%C3%AD%20porada_3.jpg","height":0,"width":0},"keywords":null}]}