[{"@context":"https:\/\/schema.org\/","@type":"Article","@id":"https:\/\/www.yys.cz\/co-obnasi-mit-sidlo-firmy-v-hlavnim-meste\/#Article","mainEntityOfPage":"https:\/\/www.yys.cz\/co-obnasi-mit-sidlo-firmy-v-hlavnim-meste\/","headline":"Co obn\u00e1\u0161\u00ed m\u00edt s\u00eddlo firmy v hlavn\u00edm m\u011bst\u011b","name":"Co obn\u00e1\u0161\u00ed m\u00edt s\u00eddlo firmy v hlavn\u00edm m\u011bst\u011b","description":"Potkaj\u00ed-li se dva kamar\u00e1di podnikatel\u00e9 a zavedou \u0159e\u010d na toto t\u00e9ma, mohou se dobrat mimo jin\u00e9 k nahla\u0161ov\u00e1n\u00ed s\u00eddla firmy pro pot\u0159eby finan\u010dn\u00edho \u00fa\u0159adu. Jeden z nich se zm\u00edn\u00ed o tom, \u017ee si nechal zapsat do obchodn\u00edho rejst\u0159\u00edku levn\u00e9 s\u00eddlo firmy v Praze, do m\u00edst mimo sv\u00e9 trval\u00e9 bydli\u0161t\u011b, kter\u00e9 se nach\u00e1z\u00ed v mal\u00e9 obci [&hellip;]","datePublished":"2024-12-14","dateModified":"2024-12-14","author":{"@type":"Person","@id":"https:\/\/www.yys.cz\/author\/devene\/#Person","name":"devene","url":"https:\/\/www.yys.cz\/author\/devene\/","identifier":1,"image":{"@type":"ImageObject","@id":"https:\/\/secure.gravatar.com\/avatar\/13dbcc20b7c05fcb5c4a6b0bee5a7107a0aae9238a83a4088a42d170780b2eca?s=96&d=mm&r=g","url":"https:\/\/secure.gravatar.com\/avatar\/13dbcc20b7c05fcb5c4a6b0bee5a7107a0aae9238a83a4088a42d170780b2eca?s=96&d=mm&r=g","height":96,"width":96}},"publisher":{"@type":"Organization","name":"yys.cz","logo":{"@type":"ImageObject","@id":"\/logo.png","url":"\/logo.png","width":600,"height":60}},"image":{"@type":"ImageObject","@id":"https:\/\/www.yys.cz\/wp-content\/uploads\/prague-1168302_640_4.jpg","url":"https:\/\/www.yys.cz\/wp-content\/uploads\/prague-1168302_640_4.jpg","height":0,"width":0},"url":"https:\/\/www.yys.cz\/co-obnasi-mit-sidlo-firmy-v-hlavnim-meste\/","about":["Byznys"],"wordCount":410,"articleBody":"      Potkaj\u00ed-li se dva kamar\u00e1di podnikatel\u00e9 a zavedou \u0159e\u010d na toto t\u00e9ma, mohou se dobrat mimo jin\u00e9 k nahla\u0161ov\u00e1n\u00ed s\u00eddla firmy pro pot\u0159eby finan\u010dn\u00edho \u00fa\u0159adu. Jeden z nich se zm\u00edn\u00ed o tom, \u017ee si nechal zapsat do obchodn\u00edho rejst\u0159\u00edku levn\u00e9 s\u00eddlo firmy v Praze, do m\u00edst mimo sv\u00e9 trval\u00e9 bydli\u0161t\u011b, kter\u00e9 se nach\u00e1z\u00ed v mal\u00e9 obci ve St\u0159edo\u010desk\u00e9m kraji. Ten druh\u00fd se ho mo\u017en\u00e1 bude pt\u00e1t, co jej k tomu vedlo, a zda to m\u00e1 v\u016fbec n\u011bjak\u00fd v\u00fdznam. Co by doty\u010dn\u00fd mu\u017e sv\u00e9mu kamar\u00e1dovi odpov\u011bd\u011bl?Kontrola z ber\u0148\u00e1ku se m\u011b net\u00fdk\u00e1 \u2013 v Praze je virtu\u00e1ln\u00edch s\u00eddel firem tolik, \u017ee pravd\u011bpodobnost kontroln\u00ed n\u00e1v\u0161t\u011bvy z finan\u010dn\u00edho \u00fa\u0159adu je tak mal\u00e1, \u017ee je tak\u0159ka nere\u00e1ln\u00e1. N\u011bkter\u00e9 prameny uv\u00e1d\u00ed, \u017ee by v\u00e1s kontrolor nav\u0161t\u00edvil v pr\u016fm\u011bru jednou za sto a\u017e dv\u011b st\u011b let. Je tedy docela pravd\u011bpodobn\u00e9, \u017ee se takov\u00e9 ud\u00e1losti v\u016fbec nedo\u017eijete. Do Prahy si mohu pozvat sv\u00e9 partnery bez obav \u2013 n\u011bkter\u00e1 virtu\u00e1ln\u00ed pra\u017esk\u00e1 s\u00eddla maj\u00ed k dispozici zasedac\u00ed m\u00edstnost. Je to v podstat\u011b velk\u00e1 kancel\u00e1\u0159 vybaven\u00e1 n\u00e1bytkem, kuchy\u0148sk\u00fdm koutem a toaletou, kde lze uskute\u010d\u0148ovat r\u016fzn\u00e9 sch\u016fzky s obchodn\u00edmi a provozn\u00edmi partnery v\u010detn\u011b t\u011bch ze zahrani\u010d\u00ed. Jde o reprezentativn\u00ed prostory um\u00edst\u011bn\u00e9 v centru nebo v okrajov\u00fdch \u010d\u00e1stech Prahy, odkud je velmi dobr\u00e9 spojen\u00ed do ostatn\u00edch m\u011bstsk\u00fdch \u010d\u00e1st\u00ed. Krom\u011b vy\u0159izov\u00e1n\u00ed pracovn\u00ed agendy tu lze nav\u0161t\u011bvovat restaurace a dal\u0161\u00ed podniky ve\u0159ejn\u00e9ho stravov\u00e1n\u00ed, kulturn\u00ed st\u00e1nky, sportovi\u0161t\u011b, rekrea\u010dn\u00ed za\u0159\u00edzen\u00ed, obchody a mnoho dal\u0161\u00edch m\u00edst. Praha je tak\u00e9 velmi bohat\u00e1 na p\u0159\u00edrodn\u00ed kr\u00e1sy, naleznete tu mnoho p\u0159\u00edrodn\u00edch pam\u00e1tek, park\u016f \u010di nau\u010dn\u00fdch stezek.Klid na svou pr\u00e1ci \u2013 v Praze, a\u010dkoli je velmi zalidn\u011bn\u00e1 a je zde hust\u00fd automobilov\u00fd provoz, naleznete mnohdy paradoxn\u011b v\u011bt\u0161\u00ed klid na pr\u00e1ci v porovn\u00e1n\u00ed s venkovem, kde v\u00e1s skoro ka\u017ed\u00fd zn\u00e1, a sv\u011b\u0159\u00edte-li se tam lidem o sv\u00fdch podnikatelsk\u00fdch aktivit\u00e1ch a \u00fasp\u011b\u0161\u00edch, mohou v\u00e1m je lid\u00e9 z\u00e1vid\u011bt a zp\u016fsobovat r\u016fzn\u00e9 nep\u0159\u00edjemnosti.                                                                                                                                                                                                                                                                                                                                                                                           3.7\/5 - (8 votes)        "},{"@context":"https:\/\/schema.org\/","@type":"BreadcrumbList","itemListElement":[{"@type":"ListItem","position":1,"name":"Co obn\u00e1\u0161\u00ed m\u00edt s\u00eddlo firmy v hlavn\u00edm m\u011bst\u011b","item":"https:\/\/www.yys.cz\/co-obnasi-mit-sidlo-firmy-v-hlavnim-meste\/#breadcrumbitem"}]}]