[{"@context":"https:\/\/schema.org\/","@type":"Article","@id":"https:\/\/www.yys.cz\/citit-se-lepe-a-lehceji\/#Article","mainEntityOfPage":"https:\/\/www.yys.cz\/citit-se-lepe-a-lehceji\/","headline":"C\u00edtit se l\u00e9pe a leh\u010deji","name":"C\u00edtit se l\u00e9pe a leh\u010deji","description":"V posledn\u00ed dob\u011b m\u00e1te po\u0159\u00e1d pocit pln\u00e9ho \u017ealudku, nafouknut\u00e9ho b\u0159icha, nevolnosti a nutk\u00e1n\u00ed na zvracen\u00ed. No ano, moc j\u00edte a doslova u\u017e se p\u0159ej\u00edd\u00e1te. V\u00e1\u0161 tr\u00e1vic\u00ed syst\u00e9m nesta\u010d\u00ed ve\u0161kerou va\u0161i stravu tr\u00e1vit a proto m\u00e1te pocity plnosti. Ve\u010der t\u011b\u017eko us\u00edn\u00e1te a v noci m\u00e1te divok\u00e9 sny. Zkuste emulips forte xxl pro \u00fa\u010dinn\u00e9 sn\u00ed\u017een\u00ed va\u0161\u00ed hmotnosti. [&hellip;]","datePublished":"2025-02-12","dateModified":"2025-02-12","author":{"@type":"Person","@id":"https:\/\/www.yys.cz\/author\/devene\/#Person","name":"devene","url":"https:\/\/www.yys.cz\/author\/devene\/","identifier":1,"image":{"@type":"ImageObject","@id":"https:\/\/secure.gravatar.com\/avatar\/13dbcc20b7c05fcb5c4a6b0bee5a7107a0aae9238a83a4088a42d170780b2eca?s=96&d=mm&r=g","url":"https:\/\/secure.gravatar.com\/avatar\/13dbcc20b7c05fcb5c4a6b0bee5a7107a0aae9238a83a4088a42d170780b2eca?s=96&d=mm&r=g","height":96,"width":96}},"publisher":{"@type":"Organization","name":"yys.cz","logo":{"@type":"ImageObject","@id":"\/logo.png","url":"\/logo.png","width":600,"height":60}},"url":"https:\/\/www.yys.cz\/citit-se-lepe-a-lehceji\/","wordCount":171,"articleBody":"V posledn\u00ed dob\u011b m\u00e1te po\u0159\u00e1d pocit pln\u00e9ho \u017ealudku, nafouknut\u00e9ho b\u0159icha, nevolnosti a nutk\u00e1n\u00ed na zvracen\u00ed. No ano, moc j\u00edte a doslova u\u017e se p\u0159ej\u00edd\u00e1te. V\u00e1\u0161 tr\u00e1vic\u00ed syst\u00e9m nesta\u010d\u00ed ve\u0161kerou va\u0161i stravu tr\u00e1vit a proto m\u00e1te pocity plnosti. Ve\u010der t\u011b\u017eko us\u00edn\u00e1te a v noci m\u00e1te divok\u00e9 sny. Zkuste emulips forte xxl pro \u00fa\u010dinn\u00e9 sn\u00ed\u017een\u00ed va\u0161\u00ed hmotnosti.Dal\u0161\u00ed v\u00edtan\u00e9 p\u0159\u00edznakyV obdob\u00ed, kdy budete emulips forte xxl u\u017e\u00edvat, se budete hned c\u00edtit skv\u011ble a nav\u00edc m\u016f\u017ee zmizet z\u00e1cpa, uprav\u00ed se hladina cukru v krvi, zlep\u0161\u00ed se psychick\u00fd stav, co\u017e nen\u00ed zanedbateln\u00e9. Pro rychl\u00e9 objedn\u00e1n\u00ed a v\u010dasn\u00e9 dod\u00e1n\u00ed objednejte je\u0161t\u011b dnes, a za\u010dn\u011bte u\u017e\u00edvat. Pravideln\u00fd re\u017eim bez p\u0159ej\u00edd\u00e1n\u00ed nebo doj\u00edd\u00e1n\u00ed je tomu v\u0161emu n\u00e1pomocen. A mo\u017en\u00e1 se budete divit, co v\u0161echno je\u0161t\u011b dok\u00e1\u017eete!                                                                                                                                                                                                                                                                                                                                                                                        5\/5 - (1 vote)        "},{"@context":"https:\/\/schema.org\/","@type":"BreadcrumbList","itemListElement":[{"@type":"ListItem","position":1,"name":"C\u00edtit se l\u00e9pe a leh\u010deji","item":"https:\/\/www.yys.cz\/citit-se-lepe-a-lehceji\/#breadcrumbitem"}]}]