[{"@context":"https:\/\/schema.org\/","@type":"Article","@id":"https:\/\/www.yys.cz\/cestovni-pripravy\/#Article","mainEntityOfPage":"https:\/\/www.yys.cz\/cestovni-pripravy\/","headline":"Cestovn\u00ed p\u0159\u00edpravy","name":"Cestovn\u00ed p\u0159\u00edpravy","description":"Ka\u017ed\u00e1 cesta samotn\u00e1 za\u010d\u00edn\u00e1 p\u0159\u00edpravou. Tedy z\u00e1le\u017e\u00ed na tom, kam se jede. N\u011bkdy je ta p\u0159\u00edprava del\u0161\u00ed, n\u011bkdy trv\u00e1 jen chv\u00edli. Pokud se \u010dlov\u011bk chyst\u00e1 s\u00e1m a s\u00e1m n\u011bkam do Tibetu, nebo Austr\u00e1lie a nem\u00e1 z\u00e1jem o ukecan\u00e9 pr\u016fvodce, m\u00e1 dv\u011b mo\u017enosti. Bu\u010fto se sbal\u00ed b\u011bhem p\u016fl hodinky a vyraz\u00ed, nebo si to v\u0161echno velmi [&hellip;]","datePublished":"2023-06-28","dateModified":"2023-06-28","author":{"@type":"Person","@id":"https:\/\/www.yys.cz\/author\/devene\/#Person","name":"devene","url":"https:\/\/www.yys.cz\/author\/devene\/","identifier":1,"image":{"@type":"ImageObject","@id":"https:\/\/secure.gravatar.com\/avatar\/13dbcc20b7c05fcb5c4a6b0bee5a7107a0aae9238a83a4088a42d170780b2eca?s=96&d=mm&r=g","url":"https:\/\/secure.gravatar.com\/avatar\/13dbcc20b7c05fcb5c4a6b0bee5a7107a0aae9238a83a4088a42d170780b2eca?s=96&d=mm&r=g","height":96,"width":96}},"publisher":{"@type":"Organization","name":"yys.cz","logo":{"@type":"ImageObject","@id":"\/logo.png","url":"\/logo.png","width":600,"height":60}},"image":{"@type":"ImageObject","@id":"https:\/\/www.yys.cz\/wp-content\/uploads\/tibet-4025999_640.jpg","url":"https:\/\/www.yys.cz\/wp-content\/uploads\/tibet-4025999_640.jpg","height":0,"width":0},"url":"https:\/\/www.yys.cz\/cestovni-pripravy\/","about":["Cestov\u00e1n\u00ed"],"wordCount":421,"articleBody":"Ka\u017ed\u00e1 cesta samotn\u00e1 za\u010d\u00edn\u00e1 p\u0159\u00edpravou. Tedy z\u00e1le\u017e\u00ed na tom, kam se jede. N\u011bkdy je ta p\u0159\u00edprava del\u0161\u00ed, n\u011bkdy trv\u00e1 jen chv\u00edli. Pokud se \u010dlov\u011bk chyst\u00e1 s\u00e1m a s\u00e1m n\u011bkam do Tibetu, nebo Austr\u00e1lie a nem\u00e1 z\u00e1jem o ukecan\u00e9 pr\u016fvodce, m\u00e1 dv\u011b mo\u017enosti. Bu\u010fto se sbal\u00ed b\u011bhem p\u016fl hodinky a vyraz\u00ed, nebo si to v\u0161echno velmi pe\u010dliv\u011b napl\u00e1nuje. Co\u017e tedy ov\u0161em znamen\u00e1 ud\u011blat si tak\u00e9 jak\u00fdsi itiner\u00e1\u0159, aby v\u011bd\u011bl, kam chce a dop\u0159edu to mohl alespo\u0148 p\u0159ibli\u017en\u011b napl\u00e1novat. Ono se pak hned l\u00e9pe toul\u00e1, kdy\u017e to m\u00e1 \u010dlov\u011bk tak n\u011bjak p\u0159ed sebou. Do tohoto itiner\u00e1\u0159e je dobr\u00e9 si hlavn\u011b zapsat to, co chceme vid\u011bt. Tedy to, co za to stoj\u00ed. To si m\u016f\u017eeme rozmyslet doma a v klidu podle map a r\u016fzn\u00fdch web\u016f. Nehroz\u00ed pak, \u017ee n\u011bco opomeneme. Ov\u0161em ten, kdo jede \u201ena blind\u201c, ten to nesleduje. V\u00ed kam p\u0159ibli\u017en\u011b jede a co tam m\u00e1 o\u010dek\u00e1vat. Zda stihne to neb ono je mu vcelku fuk. Jde mu o cestu a z\u00e1\u017eitky. \u00a0Balen\u00ed v\u011bc\u00ed je kapitola sama o sob\u011b. Pokud \u010dlov\u011bk v\u00ed, \u017ee p\u016fjde i do hor, kde bude zima a sn\u00edh, mus\u00ed se na to n\u00e1le\u017eit\u011b p\u0159ipravit. Ov\u0161em pokud v\u00ed, \u017ee bude t\u00fdden jen u mo\u0159e na pl\u00e1\u017ei, sta\u010d\u00ed mu jen p\u00e1r v\u011bc\u00ed. A je jasn\u00e9, \u017ee do Tibetu \u010di Austr\u00e1lie nepojedeme s igelitovou ta\u0161kou v ruce. To je snad jasn\u00e9 ka\u017ed\u00e9mu jen trochu soudn\u00e9mu \u010dlov\u011bku. \u00a0P\u0159\u00edpravy do hor, a zvl\u00e1\u0161t\u011b do velehor vy\u017eaduj\u00ed hodn\u011b trp\u011blivosti a tak\u00e9 hodn\u011b znalost\u00ed. Jist\u011b si dok\u00e1\u017eete p\u0159edstavit horolezce, kter\u00fd stane pod osmitis\u00edcovkou a teprve zde zjist\u00ed, \u017ee si doma nechal zinkovou mast. Nebo ma\u010dky. \u00a0U mo\u0159e je naprosto jedno pokud jste doma nechali opalovac\u00ed kr\u00e9m, proto\u017ee si tady koup\u00edte jin\u00fd, pop\u0159\u00edpad\u011b se budete vyh\u00fdbat p\u0159\u00edm\u00e9mu slunci. Ov\u0161em pod osmitis\u00edcovkou v\u011bt\u0161inou obchody neb\u00fdvaj\u00ed, tak\u017ee m\u00e1 horolezec sm\u016flu. Mus\u00ed zp\u00e1tky tam, kde pot\u0159ebn\u00e9 v\u011bci se\u017eene. \u00a0Pokud se \u010dlov\u011bk chyst\u00e1 na b\u011b\u017enou dovolenou, neb\u00fdvaj\u00ed kolem toho n\u011bjak\u00e9 zvl\u00e1\u0161tn\u00ed orgie. Tak\u017ee tomuto t\u00e9matu se ani net\u0159eba v\u011bnovat. \u00a0                                                                                                                                                                                                                                                                                                                                                                                                "},{"@context":"https:\/\/schema.org\/","@type":"BreadcrumbList","itemListElement":[{"@type":"ListItem","position":1,"name":"Cestovn\u00ed p\u0159\u00edpravy","item":"https:\/\/www.yys.cz\/cestovni-pripravy\/#breadcrumbitem"}]}]