{"@context":"https:\/\/schema.org\/","@type":"CollectionPage","@id":"https:\/\/www.yys.cz\/cestovani\/#CollectionPage","headline":"Cestov\u00e1n\u00ed Category","description":"","url":"https:\/\/www.yys.cz\/cestovani\/","hasPart":[{"@type":"Article","@id":"https:\/\/www.yys.cz\/cestovni-pripravy\/","headline":"Cestovn\u00ed p\u0159\u00edpravy","url":"https:\/\/www.yys.cz\/cestovni-pripravy\/","datePublished":"2023-06-28","dateModified":"2023-06-28","mainEntityOfPage":"https:\/\/www.yys.cz\/cestovni-pripravy\/","author":{"@type":"Person","@id":"https:\/\/www.yys.cz\/author\/devene\/#Person","name":"devene","url":"https:\/\/www.yys.cz\/author\/devene\/","identifier":1,"image":{"@type":"ImageObject","@id":"https:\/\/secure.gravatar.com\/avatar\/13dbcc20b7c05fcb5c4a6b0bee5a7107a0aae9238a83a4088a42d170780b2eca?s=96&d=mm&r=g","url":"https:\/\/secure.gravatar.com\/avatar\/13dbcc20b7c05fcb5c4a6b0bee5a7107a0aae9238a83a4088a42d170780b2eca?s=96&d=mm&r=g","height":96,"width":96}},"publisher":{"@type":"Organization","name":"yys.cz","logo":{"@type":"ImageObject","@id":"\/logo.png","url":"\/logo.png","width":600,"height":60}},"image":{"@type":"ImageObject","@id":"https:\/\/www.yys.cz\/wp-content\/uploads\/tibet-4025999_640.jpg","url":"https:\/\/www.yys.cz\/wp-content\/uploads\/tibet-4025999_640.jpg","height":0,"width":0},"keywords":null},{"@type":"Article","@id":"https:\/\/www.yys.cz\/tipy-na-cestovani-do-berlina\/","headline":"Tipy na cestov\u00e1n\u00ed do Berl\u00edna","url":"https:\/\/www.yys.cz\/tipy-na-cestovani-do-berlina\/","datePublished":"2023-02-28","dateModified":"2023-05-02","mainEntityOfPage":"https:\/\/www.yys.cz\/tipy-na-cestovani-do-berlina\/","author":{"@type":"Person","@id":"https:\/\/www.yys.cz\/author\/devene\/#Person","name":"devene","url":"https:\/\/www.yys.cz\/author\/devene\/","identifier":1,"image":{"@type":"ImageObject","@id":"https:\/\/secure.gravatar.com\/avatar\/13dbcc20b7c05fcb5c4a6b0bee5a7107a0aae9238a83a4088a42d170780b2eca?s=96&d=mm&r=g","url":"https:\/\/secure.gravatar.com\/avatar\/13dbcc20b7c05fcb5c4a6b0bee5a7107a0aae9238a83a4088a42d170780b2eca?s=96&d=mm&r=g","height":96,"width":96}},"publisher":{"@type":"Organization","name":"yys.cz","logo":{"@type":"ImageObject","@id":"\/logo.png","url":"\/logo.png","width":600,"height":60}},"image":{"@type":"ImageObject","@id":"https:\/\/www.yys.cz\/wp-content\/uploads\/brand-front-of-the-brandenburg-gate-ga0a7cb84b_640.jpg","url":"https:\/\/www.yys.cz\/wp-content\/uploads\/brand-front-of-the-brandenburg-gate-ga0a7cb84b_640.jpg","height":0,"width":0},"keywords":null},{"@type":"Article","@id":"https:\/\/www.yys.cz\/svet-je-nam-otevren-dokoran\/","headline":"Sv\u011bt je n\u00e1m otev\u0159en doko\u0159\u00e1n","url":"https:\/\/www.yys.cz\/svet-je-nam-otevren-dokoran\/","datePublished":"2022-07-13","dateModified":"2023-05-02","mainEntityOfPage":"https:\/\/www.yys.cz\/svet-je-nam-otevren-dokoran\/","author":{"@type":"Person","@id":"https:\/\/www.yys.cz\/author\/devene\/#Person","name":"devene","url":"https:\/\/www.yys.cz\/author\/devene\/","identifier":1,"image":{"@type":"ImageObject","@id":"https:\/\/secure.gravatar.com\/avatar\/13dbcc20b7c05fcb5c4a6b0bee5a7107a0aae9238a83a4088a42d170780b2eca?s=96&d=mm&r=g","url":"https:\/\/secure.gravatar.com\/avatar\/13dbcc20b7c05fcb5c4a6b0bee5a7107a0aae9238a83a4088a42d170780b2eca?s=96&d=mm&r=g","height":96,"width":96}},"publisher":{"@type":"Organization","name":"yys.cz","logo":{"@type":"ImageObject","@id":"\/logo.png","url":"\/logo.png","width":600,"height":60}},"image":{"@type":"ImageObject","@id":"https:\/\/www.yys.cz\/wp-content\/uploads\/v%C3%BDletn%C3%AD%20lod%C4%9B.jpg","url":"https:\/\/www.yys.cz\/wp-content\/uploads\/v%C3%BDletn%C3%AD%20lod%C4%9B.jpg","height":0,"width":0},"keywords":null},{"@type":"Article","@id":"https:\/\/www.yys.cz\/neapol-videt-a-zemrit\/","headline":"Neapol vid\u011bt a zem\u0159\u00edt","url":"https:\/\/www.yys.cz\/neapol-videt-a-zemrit\/","datePublished":"2022-04-12","dateModified":"2023-05-02","mainEntityOfPage":"https:\/\/www.yys.cz\/neapol-videt-a-zemrit\/","author":{"@type":"Person","@id":"https:\/\/www.yys.cz\/author\/devene\/#Person","name":"devene","url":"https:\/\/www.yys.cz\/author\/devene\/","identifier":1,"image":{"@type":"ImageObject","@id":"https:\/\/secure.gravatar.com\/avatar\/13dbcc20b7c05fcb5c4a6b0bee5a7107a0aae9238a83a4088a42d170780b2eca?s=96&d=mm&r=g","url":"https:\/\/secure.gravatar.com\/avatar\/13dbcc20b7c05fcb5c4a6b0bee5a7107a0aae9238a83a4088a42d170780b2eca?s=96&d=mm&r=g","height":96,"width":96}},"publisher":{"@type":"Organization","name":"yys.cz","logo":{"@type":"ImageObject","@id":"\/logo.png","url":"\/logo.png","width":600,"height":60}},"image":{"@type":"ImageObject","@id":"https:\/\/www.yys.cz\/wp-content\/uploads\/letadlo2_1.jpg","url":"https:\/\/www.yys.cz\/wp-content\/uploads\/letadlo2_1.jpg","height":0,"width":0},"keywords":null},{"@type":"Article","@id":"https:\/\/www.yys.cz\/superpotraviny-co-to-je-a-proc-je-zaradit-do-sveho-jidelnicku\/","headline":"SUPERPOTRAVINY: Co to je a pro\u010d je za\u0159adit do sv\u00e9ho j\u00eddeln\u00ed\u010dku?","url":"https:\/\/www.yys.cz\/superpotraviny-co-to-je-a-proc-je-zaradit-do-sveho-jidelnicku\/","datePublished":"2020-05-18","dateModified":"2020-05-18","mainEntityOfPage":"https:\/\/www.yys.cz\/superpotraviny-co-to-je-a-proc-je-zaradit-do-sveho-jidelnicku\/","author":{"@type":"Person","@id":"https:\/\/www.yys.cz\/author\/devene\/#Person","name":"devene","url":"https:\/\/www.yys.cz\/author\/devene\/","identifier":1,"image":{"@type":"ImageObject","@id":"https:\/\/secure.gravatar.com\/avatar\/13dbcc20b7c05fcb5c4a6b0bee5a7107a0aae9238a83a4088a42d170780b2eca?s=96&d=mm&r=g","url":"https:\/\/secure.gravatar.com\/avatar\/13dbcc20b7c05fcb5c4a6b0bee5a7107a0aae9238a83a4088a42d170780b2eca?s=96&d=mm&r=g","height":96,"width":96}},"publisher":{"@type":"Organization","name":"yys.cz","logo":{"@type":"ImageObject","@id":"\/logo.png","url":"\/logo.png","width":600,"height":60}},"image":{"@type":"ImageObject","@id":"https:\/\/www.yys.cz\/wp-content\/uploads\/%C4%8Derven%C3%A1%20%C5%99epa.jpg","url":"https:\/\/www.yys.cz\/wp-content\/uploads\/%C4%8Derven%C3%A1%20%C5%99epa.jpg","height":0,"width":0},"keywords":null}]}