[{"@context":"https:\/\/schema.org\/","@type":"Article","@id":"https:\/\/www.yys.cz\/bojite-se-vyuctovani-energii\/#Article","mainEntityOfPage":"https:\/\/www.yys.cz\/bojite-se-vyuctovani-energii\/","headline":"Boj\u00edte se vy\u00fa\u010dtov\u00e1n\u00ed energi\u00ed?","name":"Boj\u00edte se vy\u00fa\u010dtov\u00e1n\u00ed energi\u00ed?","description":"Ka\u017ed\u00fd rok je povinnost\u00ed ka\u017ed\u00e9ho Spole\u010denstv\u00ed vlastn\u00edk\u016f bytov\u00fdch jednotek uspo\u0159\u00e1dat sch\u016fzi, kter\u00e1 m\u00e1 pevn\u00e9 body programu, ale tak\u00e9 nab\u00edz\u00ed prostor k diskuzi. Pokud se na nich bude letos, a hlavn\u011b p\u0159\u00ed\u0161t\u00ed rok n\u011bco \u0159e\u0161it, tak to budou st\u00e1le rostouc\u00ed ceny energi\u00ed, kter\u00e9 se rozpo\u010d\u00edt\u00e1vaj\u00ed mezi jednotliv\u00e9 obyvatele domu. Bude se jednat p\u0159ev\u00e1\u017en\u011b o teplo, kter\u00fdm [&hellip;]","datePublished":"2022-08-19","dateModified":"2023-05-02","author":{"@type":"Person","@id":"https:\/\/www.yys.cz\/author\/devene\/#Person","name":"devene","url":"https:\/\/www.yys.cz\/author\/devene\/","identifier":1,"image":{"@type":"ImageObject","@id":"https:\/\/secure.gravatar.com\/avatar\/13dbcc20b7c05fcb5c4a6b0bee5a7107a0aae9238a83a4088a42d170780b2eca?s=96&d=mm&r=g","url":"https:\/\/secure.gravatar.com\/avatar\/13dbcc20b7c05fcb5c4a6b0bee5a7107a0aae9238a83a4088a42d170780b2eca?s=96&d=mm&r=g","height":96,"width":96}},"publisher":{"@type":"Organization","name":"yys.cz","logo":{"@type":"ImageObject","@id":"\/logo.png","url":"\/logo.png","width":600,"height":60}},"image":{"@type":"ImageObject","@id":"https:\/\/www.yys.cz\/wp-content\/uploads\/euros-gcabb231f2_640.jpg","url":"https:\/\/www.yys.cz\/wp-content\/uploads\/euros-gcabb231f2_640.jpg","height":0,"width":0},"url":"https:\/\/www.yys.cz\/bojite-se-vyuctovani-energii\/","about":["Byznys"],"wordCount":411,"articleBody":"         Ka\u017ed\u00fd rok je povinnost\u00ed ka\u017ed\u00e9ho Spole\u010denstv\u00ed vlastn\u00edk\u016f bytov\u00fdch jednotek uspo\u0159\u00e1dat sch\u016fzi, kter\u00e1 m\u00e1 pevn\u00e9 body programu, ale tak\u00e9 nab\u00edz\u00ed prostor k diskuzi. Pokud se na nich bude letos, a hlavn\u011b p\u0159\u00ed\u0161t\u00ed rok n\u011bco \u0159e\u0161it, tak to budou st\u00e1le rostouc\u00ed ceny energi\u00ed, kter\u00e9 se rozpo\u010d\u00edt\u00e1vaj\u00ed mezi jednotliv\u00e9 obyvatele domu. Bude se jednat p\u0159ev\u00e1\u017en\u011b o teplo, kter\u00fdm se d\u016fm vyt\u00e1p\u00ed, Vy\u00fa\u010dtov\u00e1n\u00ed budou netrp\u011bliv\u011b vyhl\u00ed\u017eet v\u0161ichni a \u010dekat na \u010d\u00e1stku, kterou budou muset doplatit. Pokud m\u00e1te jako p\u0159edsedu n\u011bkoho, kdo bydl\u00ed p\u0159\u00edmo v dom\u011b a d\u011bl\u00e1 p\u0159edsedu Spole\u010denstv\u00ed jen jednomu spole\u010denstv\u00ed, je zna\u010dn\u011b v nev\u00fdhod\u011b oproti profesion\u00e1ln\u00edmu p\u0159edsedovi SVJ, ten toti\u017e m\u016f\u017ee m\u00e1t v\u011bt\u0161\u00ed p\u0159ehled o mo\u017enostech a m\u016f\u017ee naj\u00edt lep\u0161\u00ed \u0159e\u0161en\u00ed va\u0161ich probl\u00e9m\u016f v dom\u011b. Profesion\u00e1ln\u00ed p\u0159edseda SVJ tr\u00e1v\u00ed v\u00edce \u010dasu zkoum\u00e1n\u00edm z\u00e1kon\u016f a vyhl\u00e1\u0161ek, proto\u017ee to vypl\u00fdv\u00e1 z jeho profesion\u00e1ln\u00ed pr\u00e1ce. Ale to neznamen\u00e1, \u017ee v\u00e1\u0161 p\u0159edseda se nesna\u017e\u00ed a nen\u00ed dobr\u00fdm p\u0159edsedou. Ale vra\u0165me se k rostouc\u00edm cen\u00e1m energi\u00ed. M\u00e1te-li v\u011bt\u0161\u00ed obnos pen\u011bz, kter\u00fd v\u00e1m le\u017e\u00ed na \u00fa\u010dtu v bance a pat\u0159\u00ed do fondu oprav?  P\u0159esn\u011bji i \u0159e\u010deno, m\u00e1te na fondu oprav hodn\u011b pen\u011bz a nepl\u00e1nujete \u017e\u00e1dnou v\u011bt\u0161\u00ed opravu?V p\u0159\u00edpad\u011b, \u017ee hodn\u011b \u010dlen\u016f va\u0161eho Spole\u010denstv\u00ed bude m\u00edt vysok\u00e9 nedoplatky v ro\u010dn\u00edm z\u00fa\u010dtov\u00e1n\u00ed tepla, m\u016f\u017eete jim pomoct. M\u016f\u017eete tzv. rozpustit \u010d\u00e1st fondu oprav. Nen\u00ed to a\u017e tak slo\u017eit\u00e9. Domluv\u00edte se nap\u0159. \u017ee rozpust\u00edte 200.000K\u010d a je v\u00e1s ve Spole\u010denstv\u00ed 20 bytov\u00fdch jednotek. Nerozd\u011bl\u00edte si onu \u010d\u00e1stku rovn\u00fdm d\u00edlem, ale rozd\u011bl\u00edte si ji v pom\u011bru dle pod\u00edlu, kter\u00fd jednodu\u0161e zjist\u00edte na v\u00fdpisu z Katastru nemovitost\u00ed p\u0159\u00edmo na webov\u00fdch str\u00e1nk\u00e1ch Katastru nemovitost\u00ed. Tato \u010d\u00e1stka pak m\u016f\u017ee zna\u010dn\u011b pomoct na \u00fahradu nedoplatk\u016f pro soci\u00e1ln\u011b slab\u0161\u00ed rodiny nebo d\u016fchodc\u016fm. Je v\u00edce takov\u00fdchto \u00fakon\u016f, kter\u00e9 znaj\u00ed profesion\u00e1ln\u00ed p\u0159edsedov\u00e9 a ti ostatn\u00ed to nev\u011bd\u00ed, proto\u017ee jim to nem\u00e1 kdo poradit. Ale vy u\u017e to te\u010f v\u00edte.                                                                                                                                                                                                                                                                                                                                                                                          4.7\/5 - (11 votes)        "},{"@context":"https:\/\/schema.org\/","@type":"BreadcrumbList","itemListElement":[{"@type":"ListItem","position":1,"name":"Boj\u00edte se vy\u00fa\u010dtov\u00e1n\u00ed energi\u00ed?","item":"https:\/\/www.yys.cz\/bojite-se-vyuctovani-energii\/#breadcrumbitem"}]}]