[{"@context":"https:\/\/schema.org\/","@type":"Blog","@id":"https:\/\/www.yys.cz#Blog","headline":"Yys","description":"\nZkuste vyjmenovat, co byste v\u00a0\u017eivot\u011b z\u00edskali, co byste m\u011bli a vyu\u017e\u00edvali, kdyby nebylo ekonomiky a tedy pen\u011bz. Moc v\u011bc\u00ed a slu\u017eeb v\u00e1s nenapad\u00e1, \u017ee?","url":"https:\/\/www.yys.cz","hasPart":[{"@type":"Article","@id":"https:\/\/www.yys.cz\/langkawi-levnejsi-thajsko\/","headline":"Langkawi: levn\u011bj\u0161\u00ed Thajsko","url":"https:\/\/www.yys.cz\/langkawi-levnejsi-thajsko\/","datePublished":"2026-02-12","dateModified":"2026-02-12","mainEntityOfPage":"https:\/\/www.yys.cz\/langkawi-levnejsi-thajsko\/","author":{"@type":"Person","@id":"https:\/\/www.yys.cz\/author\/devene\/#Person","name":"devene","url":"https:\/\/www.yys.cz\/author\/devene\/","identifier":1,"image":{"@type":"ImageObject","@id":"https:\/\/secure.gravatar.com\/avatar\/13dbcc20b7c05fcb5c4a6b0bee5a7107a0aae9238a83a4088a42d170780b2eca?s=96&d=mm&r=g","url":"https:\/\/secure.gravatar.com\/avatar\/13dbcc20b7c05fcb5c4a6b0bee5a7107a0aae9238a83a4088a42d170780b2eca?s=96&d=mm&r=g","height":96,"width":96}},"publisher":{"@type":"Organization","name":"yys.cz","logo":{"@type":"ImageObject","@id":"\/logo.png","url":"\/logo.png","width":600,"height":60}},"image":null,"wordCount":509,"keywords":null},{"@type":"Article","@id":"https:\/\/www.yys.cz\/mydlove-orechy-do-kazde-rodiny\/","headline":"M\u00fddlov\u00e9 o\u0159echy do ka\u017ed\u00e9 rodiny","url":"https:\/\/www.yys.cz\/mydlove-orechy-do-kazde-rodiny\/","datePublished":"2025-10-01","dateModified":"2025-10-01","mainEntityOfPage":"https:\/\/www.yys.cz\/mydlove-orechy-do-kazde-rodiny\/","author":{"@type":"Person","@id":"https:\/\/www.yys.cz\/author\/devene\/#Person","name":"devene","url":"https:\/\/www.yys.cz\/author\/devene\/","identifier":1,"image":{"@type":"ImageObject","@id":"https:\/\/secure.gravatar.com\/avatar\/13dbcc20b7c05fcb5c4a6b0bee5a7107a0aae9238a83a4088a42d170780b2eca?s=96&d=mm&r=g","url":"https:\/\/secure.gravatar.com\/avatar\/13dbcc20b7c05fcb5c4a6b0bee5a7107a0aae9238a83a4088a42d170780b2eca?s=96&d=mm&r=g","height":96,"width":96}},"publisher":{"@type":"Organization","name":"yys.cz","logo":{"@type":"ImageObject","@id":"\/logo.png","url":"\/logo.png","width":600,"height":60}},"image":null,"wordCount":546,"keywords":null},{"@type":"Article","@id":"https:\/\/www.yys.cz\/kulturni-noci\/","headline":"Kulturn\u00ed noci","url":"https:\/\/www.yys.cz\/kulturni-noci\/","datePublished":"2025-09-30","dateModified":"2025-09-30","mainEntityOfPage":"https:\/\/www.yys.cz\/kulturni-noci\/","author":{"@type":"Person","@id":"https:\/\/www.yys.cz\/author\/devene\/#Person","name":"devene","url":"https:\/\/www.yys.cz\/author\/devene\/","identifier":1,"image":{"@type":"ImageObject","@id":"https:\/\/secure.gravatar.com\/avatar\/13dbcc20b7c05fcb5c4a6b0bee5a7107a0aae9238a83a4088a42d170780b2eca?s=96&d=mm&r=g","url":"https:\/\/secure.gravatar.com\/avatar\/13dbcc20b7c05fcb5c4a6b0bee5a7107a0aae9238a83a4088a42d170780b2eca?s=96&d=mm&r=g","height":96,"width":96}},"publisher":{"@type":"Organization","name":"yys.cz","logo":{"@type":"ImageObject","@id":"\/logo.png","url":"\/logo.png","width":600,"height":60}},"image":null,"wordCount":531,"keywords":null},{"@type":"Article","@id":"https:\/\/www.yys.cz\/nesnesitelne-vedro\/","headline":"Nesnesiteln\u00e9 vedro","url":"https:\/\/www.yys.cz\/nesnesitelne-vedro\/","datePublished":"2025-07-19","dateModified":"2025-07-19","mainEntityOfPage":"https:\/\/www.yys.cz\/nesnesitelne-vedro\/","author":{"@type":"Person","@id":"https:\/\/www.yys.cz\/author\/devene\/#Person","name":"devene","url":"https:\/\/www.yys.cz\/author\/devene\/","identifier":1,"image":{"@type":"ImageObject","@id":"https:\/\/secure.gravatar.com\/avatar\/13dbcc20b7c05fcb5c4a6b0bee5a7107a0aae9238a83a4088a42d170780b2eca?s=96&d=mm&r=g","url":"https:\/\/secure.gravatar.com\/avatar\/13dbcc20b7c05fcb5c4a6b0bee5a7107a0aae9238a83a4088a42d170780b2eca?s=96&d=mm&r=g","height":96,"width":96}},"publisher":{"@type":"Organization","name":"yys.cz","logo":{"@type":"ImageObject","@id":"\/logo.png","url":"\/logo.png","width":600,"height":60}},"image":{"@type":"ImageObject","@id":"https:\/\/www.yys.cz\/wp-content\/uploads\/img_a300315_w2376_t1510437434.jpg","url":"https:\/\/www.yys.cz\/wp-content\/uploads\/img_a300315_w2376_t1510437434.jpg","height":0,"width":0},"wordCount":4490,"keywords":null},{"@type":"Article","@id":"https:\/\/www.yys.cz\/vite-jak-byste-meli-spravne-pouzivat-svou-mycku-na-nadobi\/","headline":"V\u00edte, jak byste m\u011bli spr\u00e1vn\u011b pou\u017e\u00edvat svou my\u010dku na n\u00e1dob\u00ed?","url":"https:\/\/www.yys.cz\/vite-jak-byste-meli-spravne-pouzivat-svou-mycku-na-nadobi\/","datePublished":"2025-07-17","dateModified":"2025-07-17","mainEntityOfPage":"https:\/\/www.yys.cz\/vite-jak-byste-meli-spravne-pouzivat-svou-mycku-na-nadobi\/","author":{"@type":"Person","@id":"https:\/\/www.yys.cz\/author\/devene\/#Person","name":"devene","url":"https:\/\/www.yys.cz\/author\/devene\/","identifier":1,"image":{"@type":"ImageObject","@id":"https:\/\/secure.gravatar.com\/avatar\/13dbcc20b7c05fcb5c4a6b0bee5a7107a0aae9238a83a4088a42d170780b2eca?s=96&d=mm&r=g","url":"https:\/\/secure.gravatar.com\/avatar\/13dbcc20b7c05fcb5c4a6b0bee5a7107a0aae9238a83a4088a42d170780b2eca?s=96&d=mm&r=g","height":96,"width":96}},"publisher":{"@type":"Organization","name":"yys.cz","logo":{"@type":"ImageObject","@id":"\/logo.png","url":"\/logo.png","width":600,"height":60}},"image":{"@type":"ImageObject","@id":"https:\/\/www.yys.cz\/wp-content\/uploads\/img_a290155_w2180_t1502267022.jpg","url":"https:\/\/www.yys.cz\/wp-content\/uploads\/img_a290155_w2180_t1502267022.jpg","height":0,"width":0},"wordCount":540,"keywords":null},{"@type":"Article","@id":"https:\/\/www.yys.cz\/jak-dosahnout-kvalitni-vody\/","headline":"Jak dos\u00e1hnout kvalitn\u00ed vody","url":"https:\/\/www.yys.cz\/jak-dosahnout-kvalitni-vody\/","datePublished":"2025-05-26","dateModified":"2025-05-26","mainEntityOfPage":"https:\/\/www.yys.cz\/jak-dosahnout-kvalitni-vody\/","author":{"@type":"Person","@id":"https:\/\/www.yys.cz\/author\/devene\/#Person","name":"devene","url":"https:\/\/www.yys.cz\/author\/devene\/","identifier":1,"image":{"@type":"ImageObject","@id":"https:\/\/secure.gravatar.com\/avatar\/13dbcc20b7c05fcb5c4a6b0bee5a7107a0aae9238a83a4088a42d170780b2eca?s=96&d=mm&r=g","url":"https:\/\/secure.gravatar.com\/avatar\/13dbcc20b7c05fcb5c4a6b0bee5a7107a0aae9238a83a4088a42d170780b2eca?s=96&d=mm&r=g","height":96,"width":96}},"publisher":{"@type":"Organization","name":"yys.cz","logo":{"@type":"ImageObject","@id":"\/logo.png","url":"\/logo.png","width":600,"height":60}},"image":{"@type":"ImageObject","@id":"https:\/\/www.yys.cz\/wp-content\/uploads\/woman-422546_640_10_10_10_10_10_10_10_10_10_7.jpg","url":"https:\/\/www.yys.cz\/wp-content\/uploads\/woman-422546_640_10_10_10_10_10_10_10_10_10_7.jpg","height":0,"width":0},"wordCount":569,"keywords":null},{"@type":"Article","@id":"https:\/\/www.yys.cz\/vyslovuje-vase-dite-spravne\/","headline":"Vyslovuje va\u0161e d\u00edt\u011b spr\u00e1vn\u011b?","url":"https:\/\/www.yys.cz\/vyslovuje-vase-dite-spravne\/","datePublished":"2025-05-13","dateModified":"2025-05-13","mainEntityOfPage":"https:\/\/www.yys.cz\/vyslovuje-vase-dite-spravne\/","author":{"@type":"Person","@id":"https:\/\/www.yys.cz\/author\/devene\/#Person","name":"devene","url":"https:\/\/www.yys.cz\/author\/devene\/","identifier":1,"image":{"@type":"ImageObject","@id":"https:\/\/secure.gravatar.com\/avatar\/13dbcc20b7c05fcb5c4a6b0bee5a7107a0aae9238a83a4088a42d170780b2eca?s=96&d=mm&r=g","url":"https:\/\/secure.gravatar.com\/avatar\/13dbcc20b7c05fcb5c4a6b0bee5a7107a0aae9238a83a4088a42d170780b2eca?s=96&d=mm&r=g","height":96,"width":96}},"publisher":{"@type":"Organization","name":"yys.cz","logo":{"@type":"ImageObject","@id":"\/logo.png","url":"\/logo.png","width":600,"height":60}},"image":null,"wordCount":529,"keywords":null},{"@type":"Article","@id":"https:\/\/www.yys.cz\/zivotosprava-ma-velky-vliv-na-zeny-v-prechodu\/","headline":"\u017divotospr\u00e1va m\u00e1 velk\u00fd vliv na \u017eeny v\u00a0p\u0159echodu","url":"https:\/\/www.yys.cz\/zivotosprava-ma-velky-vliv-na-zeny-v-prechodu\/","datePublished":"2025-04-27","dateModified":"2025-04-27","mainEntityOfPage":"https:\/\/www.yys.cz\/zivotosprava-ma-velky-vliv-na-zeny-v-prechodu\/","author":{"@type":"Person","@id":"https:\/\/www.yys.cz\/author\/devene\/#Person","name":"devene","url":"https:\/\/www.yys.cz\/author\/devene\/","identifier":1,"image":{"@type":"ImageObject","@id":"https:\/\/secure.gravatar.com\/avatar\/13dbcc20b7c05fcb5c4a6b0bee5a7107a0aae9238a83a4088a42d170780b2eca?s=96&d=mm&r=g","url":"https:\/\/secure.gravatar.com\/avatar\/13dbcc20b7c05fcb5c4a6b0bee5a7107a0aae9238a83a4088a42d170780b2eca?s=96&d=mm&r=g","height":96,"width":96}},"publisher":{"@type":"Organization","name":"yys.cz","logo":{"@type":"ImageObject","@id":"\/logo.png","url":"\/logo.png","width":600,"height":60}},"image":null,"wordCount":205,"keywords":null},{"@type":"Article","@id":"https:\/\/www.yys.cz\/firemni-promo-tricko\/","headline":"Firemn\u00ed Promo tri\u010dko?","url":"https:\/\/www.yys.cz\/firemni-promo-tricko\/","datePublished":"2025-04-20","dateModified":"2025-04-20","mainEntityOfPage":"https:\/\/www.yys.cz\/firemni-promo-tricko\/","author":{"@type":"Person","@id":"https:\/\/www.yys.cz\/author\/devene\/#Person","name":"devene","url":"https:\/\/www.yys.cz\/author\/devene\/","identifier":1,"image":{"@type":"ImageObject","@id":"https:\/\/secure.gravatar.com\/avatar\/13dbcc20b7c05fcb5c4a6b0bee5a7107a0aae9238a83a4088a42d170780b2eca?s=96&d=mm&r=g","url":"https:\/\/secure.gravatar.com\/avatar\/13dbcc20b7c05fcb5c4a6b0bee5a7107a0aae9238a83a4088a42d170780b2eca?s=96&d=mm&r=g","height":96,"width":96}},"publisher":{"@type":"Organization","name":"yys.cz","logo":{"@type":"ImageObject","@id":"\/logo.png","url":"\/logo.png","width":600,"height":60}},"image":null,"wordCount":211,"keywords":null},{"@type":"Article","@id":"https:\/\/www.yys.cz\/je-libo-pizzu\/","headline":"Je libo pizzu?","url":"https:\/\/www.yys.cz\/je-libo-pizzu\/","datePublished":"2025-04-12","dateModified":"2025-04-12","mainEntityOfPage":"https:\/\/www.yys.cz\/je-libo-pizzu\/","author":{"@type":"Person","@id":"https:\/\/www.yys.cz\/author\/devene\/#Person","name":"devene","url":"https:\/\/www.yys.cz\/author\/devene\/","identifier":1,"image":{"@type":"ImageObject","@id":"https:\/\/secure.gravatar.com\/avatar\/13dbcc20b7c05fcb5c4a6b0bee5a7107a0aae9238a83a4088a42d170780b2eca?s=96&d=mm&r=g","url":"https:\/\/secure.gravatar.com\/avatar\/13dbcc20b7c05fcb5c4a6b0bee5a7107a0aae9238a83a4088a42d170780b2eca?s=96&d=mm&r=g","height":96,"width":96}},"publisher":{"@type":"Organization","name":"yys.cz","logo":{"@type":"ImageObject","@id":"\/logo.png","url":"\/logo.png","width":600,"height":60}},"image":null,"wordCount":212,"keywords":null}]},{"@context":"https:\/\/schema.org","@type":"WebSite","@id":"https:\/\/www.yys.cz\/#website","name":"Yys","url":"https:\/\/www.yys.cz","potentialAction":{"@type":"SearchAction","target":"https:\/\/www.yys.cz\/?s={search_term_string}","query-input":"required name=search_term_string"}}]